{"id":21403,"date":"2025-10-17T12:03:17","date_gmt":"2025-10-17T10:03:17","guid":{"rendered":"https:\/\/www.prva.hr\/?p=21403"},"modified":"2025-12-04T09:49:00","modified_gmt":"2025-12-04T08:49:00","slug":"poziv-na-usmeni-razgovor-u-sklopu-erasmus-projekta-bez-fizike-nema-glazbe","status":"publish","type":"post","link":"https:\/\/prva.hr\/index.php\/2025\/10\/17\/poziv-na-usmeni-razgovor-u-sklopu-erasmus-projekta-bez-fizike-nema-glazbe\/","title":{"rendered":"Poziv na usmeni razgovor u sklopu Erasmus+ projekta &#8220;Bez fizike nema glazbe&#8221;"},"content":{"rendered":"\n<p>Pozivaju se u\u010denici, prijavljeni na natje\u010daj za grupnu mobilnost u \u0160panjolskoj, na usmeni dio razgovora pred Povjerenstvom u sklopu projekta &#8220;Bez fizike nema glazbe&#8221;.\u00a0<\/p>\n\n\n\n<p>Usmenim razgovorom \u0107e se utvrditi motiviranost u\u010denika za sudjelovanje u projektu, jezi\u010dne kompetencije na engleskom jeziku, predznanja o podru\u010djima zna\u010dajnima za projekt.<\/p>\n\n\n\n<p>Usmeni dio razgovora odr\u017eat \u0107e se u<strong><u>&nbsp;\u0161kolskoj knji\u017enici&nbsp;<\/u><\/strong>prema sljede\u0107em rasporedu:&nbsp;<\/p>\n\n\n\n<p><strong>PONEDJELJAK, 20.10.2025.&nbsp; &#8211; 4. SAT<\/strong><\/p>\n\n\n\n<p>0713A<br>29100<br>TORTA<br>Kruh5<br>LAV13<br>54PAS<br>ISUS5<br>21413<br>19847<br>333FF<\/p>\n\n\n\n<p><strong><u>UTORAK, 21.10.2025. &#8211; 8. SAT<\/u><\/strong><\/p>\n\n\n\n<p>SIM36<br>28793<br>PASTA<br>PATKA<br>ACBAC<br>STOL6<br>G01AT<br>22510<br>20073<br>04075<\/p>\n\n\n\n<p>MB<\/p>\n\n\n\n<p>1411HB<\/p>\n\n\n\n<p>124BC<\/p>\n\n\n\n<p><\/p>\n\n\n\n<p><strong><u>SRIJEDA, 22.10. 2025. &#8211; 3. SAT<\/u><\/strong><\/p>\n\n\n\n<p>20031<br>MK444<br>67345<br>12346<br>NIKA2<br>0805N<br>02109<br>V\u0160111<br>ROZA1<\/p>\n","protected":false},"excerpt":{"rendered":"<p>Pozivaju se u\u010denici, prijavljeni na natje\u010daj za grupnu mobilnost u \u0160panjolskoj, na usmeni dio razgovora pred Povjerenstvom u sklopu projekta &#8220;Bez fizike nema glazbe&#8221;.\u00a0 Usmenim razgovorom \u0107e se utvrditi motiviranost u\u010denika za sudjelovanje u projektu, jezi\u010dne kompetencije na engleskom jeziku, predznanja o podru\u010djima zna\u010dajnima za projekt. Usmeni dio razgovora odr\u017eat \u0107e se u&nbsp;\u0161kolskoj knji\u017enici&nbsp;prema sljede\u0107em [&hellip;]<\/p>\n","protected":false},"author":11,"featured_media":0,"comment_status":"closed","ping_status":"closed","sticky":false,"template":"","format":"standard","meta":{"_et_pb_use_builder":"","_et_pb_old_content":"","_et_gb_content_width":"","footnotes":""},"categories":[148,127,4],"tags":[],"class_list":["post-21403","post","type-post","status-publish","format-standard","hentry","category-erasmus-aktivnosti","category-erasmus","category-najnovije-vijesti"],"_links":{"self":[{"href":"https:\/\/prva.hr\/index.php\/wp-json\/wp\/v2\/posts\/21403","targetHints":{"allow":["GET"]}}],"collection":[{"href":"https:\/\/prva.hr\/index.php\/wp-json\/wp\/v2\/posts"}],"about":[{"href":"https:\/\/prva.hr\/index.php\/wp-json\/wp\/v2\/types\/post"}],"author":[{"embeddable":true,"href":"https:\/\/prva.hr\/index.php\/wp-json\/wp\/v2\/users\/11"}],"replies":[{"embeddable":true,"href":"https:\/\/prva.hr\/index.php\/wp-json\/wp\/v2\/comments?post=21403"}],"version-history":[{"count":1,"href":"https:\/\/prva.hr\/index.php\/wp-json\/wp\/v2\/posts\/21403\/revisions"}],"predecessor-version":[{"id":21413,"href":"https:\/\/prva.hr\/index.php\/wp-json\/wp\/v2\/posts\/21403\/revisions\/21413"}],"wp:attachment":[{"href":"https:\/\/prva.hr\/index.php\/wp-json\/wp\/v2\/media?parent=21403"}],"wp:term":[{"taxonomy":"category","embeddable":true,"href":"https:\/\/prva.hr\/index.php\/wp-json\/wp\/v2\/categories?post=21403"},{"taxonomy":"post_tag","embeddable":true,"href":"https:\/\/prva.hr\/index.php\/wp-json\/wp\/v2\/tags?post=21403"}],"curies":[{"name":"wp","href":"https:\/\/api.w.org\/{rel}","templated":true}]}}