{"id":21405,"date":"2025-10-17T12:00:29","date_gmt":"2025-10-17T10:00:29","guid":{"rendered":"https:\/\/www.prva.hr\/?p=21405"},"modified":"2025-10-17T12:00:34","modified_gmt":"2025-10-17T10:00:34","slug":"fizika-u-gradovima","status":"publish","type":"post","link":"https:\/\/prva.hr\/index.php\/2025\/10\/17\/fizika-u-gradovima\/","title":{"rendered":"Fizika u gradovima"},"content":{"rendered":"\n<p>U utorak, 14. listopada, u\u010denici tre\u0107ih razreda u pratnji prof. Bo\u017ei\u010dkovi\u0107 Peri\u010di\u0107 i prof. Bra\u010di\u0107 su u sklopu nastave fizike posjetili Prvu gimnaziju u Mariboru. Ondje su bili vrlo toplo primljeni te su imali priliku pro\u0161iriti svoje spoznaje iz fizike i biologije. Radili su pokuse i isprobavali zanimljive digitalne aplikacije kojima se u\u010denici te \u0161kole koriste na vje\u017ebama iz navedenih predmeta. Nakon toga razgledali su Maribor, divili se rijeci Dravi te svoj posjet zaklju\u010dili obilaskom\u00a0Muzeja hidroelektrane Fala. Veselimo se ponovnom susretu u prosincu, ovoga puta u na\u0161oj \u0161koli.<\/p>\n\n\n\n<figure class=\"wp-block-gallery has-nested-images columns-default is-cropped wp-block-gallery-1 is-layout-flex wp-block-gallery-is-layout-flex\">\n<figure class=\"wp-block-image size-large\"><img decoding=\"async\" width=\"1024\" height=\"768\" data-id=\"21409\" data-src=\"https:\/\/www.prva.hr\/wp-content\/uploads\/2025\/10\/PHOTO-2025-10-14-18-54-41-003-1024x768.jpg\" alt=\"\" class=\"wp-image-21409 lazyload\" data-srcset=\"https:\/\/prva.hr\/wp-content\/uploads\/2025\/10\/PHOTO-2025-10-14-18-54-41-003-1024x768.jpg 1024w, https:\/\/prva.hr\/wp-content\/uploads\/2025\/10\/PHOTO-2025-10-14-18-54-41-003-300x225.jpg 300w, https:\/\/prva.hr\/wp-content\/uploads\/2025\/10\/PHOTO-2025-10-14-18-54-41-003-768x576.jpg 768w, https:\/\/prva.hr\/wp-content\/uploads\/2025\/10\/PHOTO-2025-10-14-18-54-41-003-1536x1152.jpg 1536w, https:\/\/prva.hr\/wp-content\/uploads\/2025\/10\/PHOTO-2025-10-14-18-54-41-003-400x300.jpg 400w, https:\/\/prva.hr\/wp-content\/uploads\/2025\/10\/PHOTO-2025-10-14-18-54-41-003.jpg 1600w\" data-sizes=\"(max-width: 1024px) 100vw, 1024px\" src=\"data:image\/svg+xml;base64,PHN2ZyB3aWR0aD0iMSIgaGVpZ2h0PSIxIiB4bWxucz0iaHR0cDovL3d3dy53My5vcmcvMjAwMC9zdmciPjwvc3ZnPg==\" style=\"--smush-placeholder-width: 1024px; --smush-placeholder-aspect-ratio: 1024\/768;\" \/><\/figure>\n<\/figure>\n\n\n\n<figure class=\"wp-block-image size-large\"><img decoding=\"async\" width=\"576\" height=\"1024\" data-src=\"https:\/\/www.prva.hr\/wp-content\/uploads\/2025\/10\/WhatsApp-Image-2025-10-16-at-16.31.41-003-1-576x1024.jpeg\" alt=\"\" class=\"wp-image-21407 lazyload\" data-srcset=\"https:\/\/prva.hr\/wp-content\/uploads\/2025\/10\/WhatsApp-Image-2025-10-16-at-16.31.41-003-1-576x1024.jpeg 576w, https:\/\/prva.hr\/wp-content\/uploads\/2025\/10\/WhatsApp-Image-2025-10-16-at-16.31.41-003-1-169x300.jpeg 169w, https:\/\/prva.hr\/wp-content\/uploads\/2025\/10\/WhatsApp-Image-2025-10-16-at-16.31.41-003-1-768x1365.jpeg 768w, https:\/\/prva.hr\/wp-content\/uploads\/2025\/10\/WhatsApp-Image-2025-10-16-at-16.31.41-003-1-864x1536.jpeg 864w, https:\/\/prva.hr\/wp-content\/uploads\/2025\/10\/WhatsApp-Image-2025-10-16-at-16.31.41-003-1.jpeg 900w\" data-sizes=\"(max-width: 576px) 100vw, 576px\" src=\"data:image\/svg+xml;base64,PHN2ZyB3aWR0aD0iMSIgaGVpZ2h0PSIxIiB4bWxucz0iaHR0cDovL3d3dy53My5vcmcvMjAwMC9zdmciPjwvc3ZnPg==\" style=\"--smush-placeholder-width: 576px; --smush-placeholder-aspect-ratio: 576\/1024;\" \/><\/figure>\n\n\n\n<figure class=\"wp-block-image size-large\"><img decoding=\"async\" width=\"768\" height=\"1024\" data-src=\"https:\/\/www.prva.hr\/wp-content\/uploads\/2025\/10\/20251014_150052-002-768x1024.jpg\" alt=\"\" class=\"wp-image-21410 lazyload\" data-srcset=\"https:\/\/prva.hr\/wp-content\/uploads\/2025\/10\/20251014_150052-002-768x1024.jpg 768w, https:\/\/prva.hr\/wp-content\/uploads\/2025\/10\/20251014_150052-002-225x300.jpg 225w, https:\/\/prva.hr\/wp-content\/uploads\/2025\/10\/20251014_150052-002-1152x1536.jpg 1152w, https:\/\/prva.hr\/wp-content\/uploads\/2025\/10\/20251014_150052-002-1536x2048.jpg 1536w, https:\/\/prva.hr\/wp-content\/uploads\/2025\/10\/20251014_150052-002-scaled.jpg 1920w\" data-sizes=\"(max-width: 768px) 100vw, 768px\" src=\"data:image\/svg+xml;base64,PHN2ZyB3aWR0aD0iMSIgaGVpZ2h0PSIxIiB4bWxucz0iaHR0cDovL3d3dy53My5vcmcvMjAwMC9zdmciPjwvc3ZnPg==\" style=\"--smush-placeholder-width: 768px; --smush-placeholder-aspect-ratio: 768\/1024;\" \/><\/figure>\n\n\n\n<figure class=\"wp-block-image size-large\"><img decoding=\"async\" width=\"1024\" height=\"768\" data-src=\"https:\/\/www.prva.hr\/wp-content\/uploads\/2025\/10\/20251014_112558-002-1024x768.jpg\" alt=\"\" class=\"wp-image-21411 lazyload\" data-srcset=\"https:\/\/prva.hr\/wp-content\/uploads\/2025\/10\/20251014_112558-002-1024x768.jpg 1024w, https:\/\/prva.hr\/wp-content\/uploads\/2025\/10\/20251014_112558-002-300x225.jpg 300w, https:\/\/prva.hr\/wp-content\/uploads\/2025\/10\/20251014_112558-002-768x576.jpg 768w, https:\/\/prva.hr\/wp-content\/uploads\/2025\/10\/20251014_112558-002-1536x1152.jpg 1536w, https:\/\/prva.hr\/wp-content\/uploads\/2025\/10\/20251014_112558-002-2048x1536.jpg 2048w, https:\/\/prva.hr\/wp-content\/uploads\/2025\/10\/20251014_112558-002-400x300.jpg 400w\" data-sizes=\"(max-width: 1024px) 100vw, 1024px\" src=\"data:image\/svg+xml;base64,PHN2ZyB3aWR0aD0iMSIgaGVpZ2h0PSIxIiB4bWxucz0iaHR0cDovL3d3dy53My5vcmcvMjAwMC9zdmciPjwvc3ZnPg==\" style=\"--smush-placeholder-width: 1024px; --smush-placeholder-aspect-ratio: 1024\/768;\" \/><\/figure>\n","protected":false},"excerpt":{"rendered":"<p>U utorak, 14. listopada, u\u010denici tre\u0107ih razreda u pratnji prof. Bo\u017ei\u010dkovi\u0107 Peri\u010di\u0107 i prof. Bra\u010di\u0107 su u sklopu nastave fizike posjetili Prvu gimnaziju u Mariboru. Ondje su bili vrlo toplo primljeni te su imali priliku pro\u0161iriti svoje spoznaje iz fizike i biologije. Radili su pokuse i isprobavali zanimljive digitalne aplikacije kojima se u\u010denici te \u0161kole [&hellip;]<\/p>\n","protected":false},"author":2,"featured_media":21409,"comment_status":"closed","ping_status":"0","sticky":false,"template":"","format":"standard","meta":{"_et_pb_use_builder":"","_et_pb_old_content":"","_et_gb_content_width":"","footnotes":""},"categories":[12,67,4],"tags":[],"class_list":["post-21405","post","type-post","status-publish","format-standard","has-post-thumbnail","hentry","category-osvrti","category-aktivnosti-projekti-medunarodne-suradnje","category-najnovije-vijesti"],"_links":{"self":[{"href":"https:\/\/prva.hr\/index.php\/wp-json\/wp\/v2\/posts\/21405","targetHints":{"allow":["GET"]}}],"collection":[{"href":"https:\/\/prva.hr\/index.php\/wp-json\/wp\/v2\/posts"}],"about":[{"href":"https:\/\/prva.hr\/index.php\/wp-json\/wp\/v2\/types\/post"}],"author":[{"embeddable":true,"href":"https:\/\/prva.hr\/index.php\/wp-json\/wp\/v2\/users\/2"}],"replies":[{"embeddable":true,"href":"https:\/\/prva.hr\/index.php\/wp-json\/wp\/v2\/comments?post=21405"}],"version-history":[{"count":1,"href":"https:\/\/prva.hr\/index.php\/wp-json\/wp\/v2\/posts\/21405\/revisions"}],"predecessor-version":[{"id":21412,"href":"https:\/\/prva.hr\/index.php\/wp-json\/wp\/v2\/posts\/21405\/revisions\/21412"}],"wp:featuredmedia":[{"embeddable":true,"href":"https:\/\/prva.hr\/index.php\/wp-json\/wp\/v2\/media\/21409"}],"wp:attachment":[{"href":"https:\/\/prva.hr\/index.php\/wp-json\/wp\/v2\/media?parent=21405"}],"wp:term":[{"taxonomy":"category","embeddable":true,"href":"https:\/\/prva.hr\/index.php\/wp-json\/wp\/v2\/categories?post=21405"},{"taxonomy":"post_tag","embeddable":true,"href":"https:\/\/prva.hr\/index.php\/wp-json\/wp\/v2\/tags?post=21405"}],"curies":[{"name":"wp","href":"https:\/\/api.w.org\/{rel}","templated":true}]}}