{"id":2141,"date":"2017-11-14T09:03:00","date_gmt":"2017-11-14T08:03:00","guid":{"rendered":"http:\/\/www.prva.hr\/?p=2141"},"modified":"2017-11-14T09:03:00","modified_gmt":"2017-11-14T08:03:00","slug":"fer-organizira-dan-otvorenih-vrata","status":"publish","type":"post","link":"https:\/\/prva.hr\/index.php\/2017\/11\/14\/fer-organizira-dan-otvorenih-vrata\/","title":{"rendered":"FER organizira Dan otvorenih vrata"},"content":{"rendered":"<p><strong>FER<\/strong>\u00a0organizira\u00a0<strong>Dan otvorenih vrata<\/strong>\u00a0u prostorijama fakulteta koji \u0107e odr\u017eati\u00a0<strong>u subotu 25.<\/strong>\u00a0<strong>studenoga 2017. od 10.00 do 16.00 sati<\/strong>.\u00a0Doga\u0111aj je namijenjen prvenstveno maturantima i u\u010denicima srednjih \u0161kola, koji \u0107e uskoro morati donijeti va\u017enu \u017eivotnu odluku \u2013 izbor fakulteta. Ulaz svim posjetiteljima je\u00a0<strong>besplatan<\/strong>.<\/p>\n<p>Uz prezentaciju fakulteta i studijskih programa, posjetitelji imat \u0107e priliku posjetiti laboratorije, poslu\u0161ati atraktivna predavanja, upoznati se s radom studenstkih i stru\u010dnih udruga koje djeluju na fakultetu, te vidjeti i isprobati \u010ditav niz izuma i tehnologija.<\/p>\n","protected":false},"excerpt":{"rendered":"<p>FER\u00a0organizira\u00a0Dan otvorenih vrata\u00a0u prostorijama fakulteta koji \u0107e odr\u017eati\u00a0u subotu 25.\u00a0studenoga 2017. od 10.00 do 16.00 sati.\u00a0Doga\u0111aj je namijenjen prvenstveno maturantima i u\u010denicima srednjih \u0161kola, koji \u0107e uskoro morati donijeti va\u017enu \u017eivotnu odluku \u2013 izbor fakulteta. Ulaz svim posjetiteljima je\u00a0besplatan. Uz prezentaciju fakulteta i studijskih programa, posjetitelji imat \u0107e priliku posjetiti laboratorije, poslu\u0161ati atraktivna predavanja, upoznati [&hellip;]<\/p>\n","protected":false},"author":4,"featured_media":0,"comment_status":"closed","ping_status":"closed","sticky":false,"template":"","format":"standard","meta":{"_et_pb_use_builder":"","_et_pb_old_content":"","_et_gb_content_width":"","footnotes":""},"categories":[14],"tags":[],"class_list":["post-2141","post","type-post","status-publish","format-standard","hentry","category-dogadanja-izvan-skole"],"_links":{"self":[{"href":"https:\/\/prva.hr\/index.php\/wp-json\/wp\/v2\/posts\/2141","targetHints":{"allow":["GET"]}}],"collection":[{"href":"https:\/\/prva.hr\/index.php\/wp-json\/wp\/v2\/posts"}],"about":[{"href":"https:\/\/prva.hr\/index.php\/wp-json\/wp\/v2\/types\/post"}],"author":[{"embeddable":true,"href":"https:\/\/prva.hr\/index.php\/wp-json\/wp\/v2\/users\/4"}],"replies":[{"embeddable":true,"href":"https:\/\/prva.hr\/index.php\/wp-json\/wp\/v2\/comments?post=2141"}],"version-history":[{"count":1,"href":"https:\/\/prva.hr\/index.php\/wp-json\/wp\/v2\/posts\/2141\/revisions"}],"predecessor-version":[{"id":2142,"href":"https:\/\/prva.hr\/index.php\/wp-json\/wp\/v2\/posts\/2141\/revisions\/2142"}],"wp:attachment":[{"href":"https:\/\/prva.hr\/index.php\/wp-json\/wp\/v2\/media?parent=2141"}],"wp:term":[{"taxonomy":"category","embeddable":true,"href":"https:\/\/prva.hr\/index.php\/wp-json\/wp\/v2\/categories?post=2141"},{"taxonomy":"post_tag","embeddable":true,"href":"https:\/\/prva.hr\/index.php\/wp-json\/wp\/v2\/tags?post=2141"}],"curies":[{"name":"wp","href":"https:\/\/api.w.org\/{rel}","templated":true}]}}