{"id":21427,"date":"2025-10-20T09:57:56","date_gmt":"2025-10-20T07:57:56","guid":{"rendered":"https:\/\/www.prva.hr\/?p=21427"},"modified":"2025-10-20T09:58:01","modified_gmt":"2025-10-20T07:58:01","slug":"prva-na-medvednici","status":"publish","type":"post","link":"https:\/\/prva.hr\/index.php\/2025\/10\/20\/prva-na-medvednici\/","title":{"rendered":"Prva na Medvednici"},"content":{"rendered":"\n<p>Ove nedjelje (19. 10.) oti\u0161li smo na planinarski pohod na Medvednicu. Ve\u0107 30-tak godina na taj na\u010din obilje\u017eavamo Svjetski dan pje\u0161a\u010denja. Stotinjak sudionika pregazilo je Leustekovu stazu do vrha i u\u017eivalo u sun\u010danom i pomalo prohladnom danu u prirodi. Na vrhu smo se nagradili grahom, \u0161trudlama i ostalim delicijama uz dru\u017eenje s pravom ekipom. Sudionici su ujedno osvojili bodove u natjecanju za najsportskiji razred i ve\u0107 se nazire koji razredi &#8220;pucaju&#8221; na vrh.<\/p>\n\n\n\n<p>Nakon ovakvog dana postajemo svijesni koliko bogatstvo je imati planinu tako blizu grada. I zaista je \u0161teta ostati doma!<\/p>\n\n\n\n<p class=\"has-text-align-right\">Meri Matu\u0161an&nbsp;<\/p>\n\n\n\n<figure class=\"wp-block-gallery has-nested-images columns-default is-cropped wp-block-gallery-1 is-layout-flex wp-block-gallery-is-layout-flex\">\n<figure class=\"wp-block-image size-large\"><img decoding=\"async\" width=\"1024\" height=\"1024\" data-id=\"21429\" data-src=\"https:\/\/www.prva.hr\/wp-content\/uploads\/2025\/10\/Najsports-razred-25-26-3-1024x1024.png\" alt=\"\" class=\"wp-image-21429 lazyload\" data-srcset=\"https:\/\/prva.hr\/wp-content\/uploads\/2025\/10\/Najsports-razred-25-26-3-1024x1024.png 1024w, https:\/\/prva.hr\/wp-content\/uploads\/2025\/10\/Najsports-razred-25-26-3-300x300.png 300w, https:\/\/prva.hr\/wp-content\/uploads\/2025\/10\/Najsports-razred-25-26-3-150x150.png 150w, https:\/\/prva.hr\/wp-content\/uploads\/2025\/10\/Najsports-razred-25-26-3-768x768.png 768w, https:\/\/prva.hr\/wp-content\/uploads\/2025\/10\/Najsports-razred-25-26-3.png 1080w\" data-sizes=\"(max-width: 1024px) 100vw, 1024px\" src=\"data:image\/svg+xml;base64,PHN2ZyB3aWR0aD0iMSIgaGVpZ2h0PSIxIiB4bWxucz0iaHR0cDovL3d3dy53My5vcmcvMjAwMC9zdmciPjwvc3ZnPg==\" style=\"--smush-placeholder-width: 1024px; --smush-placeholder-aspect-ratio: 1024\/1024;\" \/><\/figure>\n\n\n\n<figure class=\"wp-block-image size-large\"><img decoding=\"async\" width=\"1024\" height=\"1024\" data-id=\"21430\" data-src=\"https:\/\/www.prva.hr\/wp-content\/uploads\/2025\/10\/Najsports-razred-25-26-2-1024x1024.png\" alt=\"\" class=\"wp-image-21430 lazyload\" data-srcset=\"https:\/\/prva.hr\/wp-content\/uploads\/2025\/10\/Najsports-razred-25-26-2-1024x1024.png 1024w, https:\/\/prva.hr\/wp-content\/uploads\/2025\/10\/Najsports-razred-25-26-2-300x300.png 300w, https:\/\/prva.hr\/wp-content\/uploads\/2025\/10\/Najsports-razred-25-26-2-150x150.png 150w, https:\/\/prva.hr\/wp-content\/uploads\/2025\/10\/Najsports-razred-25-26-2-768x768.png 768w, https:\/\/prva.hr\/wp-content\/uploads\/2025\/10\/Najsports-razred-25-26-2.png 1080w\" data-sizes=\"(max-width: 1024px) 100vw, 1024px\" src=\"data:image\/svg+xml;base64,PHN2ZyB3aWR0aD0iMSIgaGVpZ2h0PSIxIiB4bWxucz0iaHR0cDovL3d3dy53My5vcmcvMjAwMC9zdmciPjwvc3ZnPg==\" style=\"--smush-placeholder-width: 1024px; --smush-placeholder-aspect-ratio: 1024\/1024;\" \/><\/figure>\n\n\n\n<figure class=\"wp-block-image size-large\"><img decoding=\"async\" width=\"1024\" height=\"1024\" data-id=\"21431\" data-src=\"https:\/\/www.prva.hr\/wp-content\/uploads\/2025\/10\/Najsports-razred-25-26-4-1024x1024.png\" alt=\"\" class=\"wp-image-21431 lazyload\" data-srcset=\"https:\/\/prva.hr\/wp-content\/uploads\/2025\/10\/Najsports-razred-25-26-4-1024x1024.png 1024w, https:\/\/prva.hr\/wp-content\/uploads\/2025\/10\/Najsports-razred-25-26-4-300x300.png 300w, https:\/\/prva.hr\/wp-content\/uploads\/2025\/10\/Najsports-razred-25-26-4-150x150.png 150w, https:\/\/prva.hr\/wp-content\/uploads\/2025\/10\/Najsports-razred-25-26-4-768x768.png 768w, https:\/\/prva.hr\/wp-content\/uploads\/2025\/10\/Najsports-razred-25-26-4.png 1080w\" data-sizes=\"(max-width: 1024px) 100vw, 1024px\" src=\"data:image\/svg+xml;base64,PHN2ZyB3aWR0aD0iMSIgaGVpZ2h0PSIxIiB4bWxucz0iaHR0cDovL3d3dy53My5vcmcvMjAwMC9zdmciPjwvc3ZnPg==\" style=\"--smush-placeholder-width: 1024px; --smush-placeholder-aspect-ratio: 1024\/1024;\" \/><\/figure>\n\n\n\n<figure class=\"wp-block-image size-large\"><img decoding=\"async\" width=\"1024\" height=\"1024\" data-id=\"21428\" data-src=\"https:\/\/www.prva.hr\/wp-content\/uploads\/2025\/10\/Najsports-razred-25-26-1024x1024.png\" alt=\"\" class=\"wp-image-21428 lazyload\" data-srcset=\"https:\/\/prva.hr\/wp-content\/uploads\/2025\/10\/Najsports-razred-25-26-1024x1024.png 1024w, https:\/\/prva.hr\/wp-content\/uploads\/2025\/10\/Najsports-razred-25-26-300x300.png 300w, https:\/\/prva.hr\/wp-content\/uploads\/2025\/10\/Najsports-razred-25-26-150x150.png 150w, https:\/\/prva.hr\/wp-content\/uploads\/2025\/10\/Najsports-razred-25-26-768x768.png 768w, https:\/\/prva.hr\/wp-content\/uploads\/2025\/10\/Najsports-razred-25-26.png 1080w\" data-sizes=\"(max-width: 1024px) 100vw, 1024px\" src=\"data:image\/svg+xml;base64,PHN2ZyB3aWR0aD0iMSIgaGVpZ2h0PSIxIiB4bWxucz0iaHR0cDovL3d3dy53My5vcmcvMjAwMC9zdmciPjwvc3ZnPg==\" style=\"--smush-placeholder-width: 1024px; --smush-placeholder-aspect-ratio: 1024\/1024;\" \/><\/figure>\n<\/figure>\n","protected":false},"excerpt":{"rendered":"<p>Ove nedjelje (19. 10.) oti\u0161li smo na planinarski pohod na Medvednicu. Ve\u0107 30-tak godina na taj na\u010din obilje\u017eavamo Svjetski dan pje\u0161a\u010denja. Stotinjak sudionika pregazilo je Leustekovu stazu do vrha i u\u017eivalo u sun\u010danom i pomalo prohladnom danu u prirodi. Na vrhu smo se nagradili grahom, \u0161trudlama i ostalim delicijama uz dru\u017eenje s pravom ekipom. Sudionici [&hellip;]<\/p>\n","protected":false},"author":7,"featured_media":0,"comment_status":"closed","ping_status":"0","sticky":false,"template":"","format":"standard","meta":{"_et_pb_use_builder":"","_et_pb_old_content":"","_et_gb_content_width":"","footnotes":""},"categories":[48,12,4],"tags":[],"class_list":["post-21427","post","type-post","status-publish","format-standard","hentry","category-aktivnosti-izvannastavne-aktivnosti-ssd-prva","category-osvrti","category-najnovije-vijesti"],"_links":{"self":[{"href":"https:\/\/prva.hr\/index.php\/wp-json\/wp\/v2\/posts\/21427","targetHints":{"allow":["GET"]}}],"collection":[{"href":"https:\/\/prva.hr\/index.php\/wp-json\/wp\/v2\/posts"}],"about":[{"href":"https:\/\/prva.hr\/index.php\/wp-json\/wp\/v2\/types\/post"}],"author":[{"embeddable":true,"href":"https:\/\/prva.hr\/index.php\/wp-json\/wp\/v2\/users\/7"}],"replies":[{"embeddable":true,"href":"https:\/\/prva.hr\/index.php\/wp-json\/wp\/v2\/comments?post=21427"}],"version-history":[{"count":1,"href":"https:\/\/prva.hr\/index.php\/wp-json\/wp\/v2\/posts\/21427\/revisions"}],"predecessor-version":[{"id":21432,"href":"https:\/\/prva.hr\/index.php\/wp-json\/wp\/v2\/posts\/21427\/revisions\/21432"}],"wp:attachment":[{"href":"https:\/\/prva.hr\/index.php\/wp-json\/wp\/v2\/media?parent=21427"}],"wp:term":[{"taxonomy":"category","embeddable":true,"href":"https:\/\/prva.hr\/index.php\/wp-json\/wp\/v2\/categories?post=21427"},{"taxonomy":"post_tag","embeddable":true,"href":"https:\/\/prva.hr\/index.php\/wp-json\/wp\/v2\/tags?post=21427"}],"curies":[{"name":"wp","href":"https:\/\/api.w.org\/{rel}","templated":true}]}}