{"id":21582,"date":"2025-11-04T09:07:33","date_gmt":"2025-11-04T08:07:33","guid":{"rendered":"https:\/\/www.prva.hr\/?p=21582"},"modified":"2025-11-04T09:07:37","modified_gmt":"2025-11-04T08:07:37","slug":"nase-ucenice-u-casopisu-vijenac","status":"publish","type":"post","link":"https:\/\/prva.hr\/index.php\/2025\/11\/04\/nase-ucenice-u-casopisu-vijenac\/","title":{"rendered":"Na\u0161e u\u010denice u \u010dasopisu Vijenac"},"content":{"rendered":"\n<p class=\"has-black-color has-text-color\">U novome broju <em>Vijenca<\/em>, knji\u017eevnoga lista za umjetnost, kulturu i znanost, objavljeni su kriti\u010dki osvrti triju na\u0161ih maturantica iz 4. a, Lare, Tee i Leone, o nagra\u0111enim romanima suvremene europske knji\u017eevnosti uklju\u010denima u nacionalni projekt \u201e\u010citanje u fokusu\u201c, a \u010diji je voditelj za na\u0161u \u0161kolu Ivan Janji\u0107, prof.<\/p>\n\n\n\n<p class=\"has-black-color has-text-color\">Osvrte mo\u017eete pro\u010ditati u papirnatom izdanju \u010dasopisa u \u0161kolskoj knji\u017enici i na poveznici: <a rel=\"noreferrer noopener\" href=\"https:\/\/www.matica.hr\/vijenac\/825\/sto-zapravo-citaju-srednjoskolci-38645\/\" data-type=\"URL\" data-id=\"https:\/\/www.matica.hr\/vijenac\/825\/sto-zapravo-citaju-srednjoskolci-38645\/\" target=\"_blank\">https:\/\/www.matica.hr\/vijenac\/825\/sto-zapravo-citaju-srednjoskolci-38645\/<\/a><\/p>\n\n\n\n<p><\/p>\n\n\n\n<p><\/p>\n\n\n\n<figure class=\"wp-block-image size-large is-resized\"><img decoding=\"async\" data-src=\"https:\/\/www.prva.hr\/wp-content\/uploads\/2025\/11\/web-objava-1024x768.jpg\" alt=\"\" class=\"wp-image-21598 lazyload\" width=\"840\" height=\"630\" data-srcset=\"https:\/\/prva.hr\/wp-content\/uploads\/2025\/11\/web-objava-1024x768.jpg 1024w, https:\/\/prva.hr\/wp-content\/uploads\/2025\/11\/web-objava-300x225.jpg 300w, https:\/\/prva.hr\/wp-content\/uploads\/2025\/11\/web-objava-768x576.jpg 768w, https:\/\/prva.hr\/wp-content\/uploads\/2025\/11\/web-objava-1536x1152.jpg 1536w, https:\/\/prva.hr\/wp-content\/uploads\/2025\/11\/web-objava-2048x1536.jpg 2048w, https:\/\/prva.hr\/wp-content\/uploads\/2025\/11\/web-objava-400x300.jpg 400w\" data-sizes=\"(max-width: 840px) 100vw, 840px\" src=\"data:image\/svg+xml;base64,PHN2ZyB3aWR0aD0iMSIgaGVpZ2h0PSIxIiB4bWxucz0iaHR0cDovL3d3dy53My5vcmcvMjAwMC9zdmciPjwvc3ZnPg==\" style=\"--smush-placeholder-width: 840px; --smush-placeholder-aspect-ratio: 840\/630;\" \/><\/figure>\n","protected":false},"excerpt":{"rendered":"<p>U novome broju Vijenca, knji\u017eevnoga lista za umjetnost, kulturu i znanost, objavljeni su kriti\u010dki osvrti triju na\u0161ih maturantica iz 4. a, Lare, Tee i Leone, o nagra\u0111enim romanima suvremene europske knji\u017eevnosti uklju\u010denima u nacionalni projekt \u201e\u010citanje u fokusu\u201c, a \u010diji je voditelj za na\u0161u \u0161kolu Ivan Janji\u0107, prof. Osvrte mo\u017eete pro\u010ditati u papirnatom izdanju \u010dasopisa [&hellip;]<\/p>\n","protected":false},"author":9,"featured_media":21596,"comment_status":"closed","ping_status":"0","sticky":false,"template":"","format":"standard","meta":{"_et_pb_use_builder":"","_et_pb_old_content":"","_et_gb_content_width":"","footnotes":""},"categories":[5,4,1],"tags":[142],"class_list":["post-21582","post","type-post","status-publish","format-standard","has-post-thumbnail","hentry","category-aktivnosti","category-najnovije-vijesti","category-nekategorizirano","tag-citanje-u-fokusu"],"_links":{"self":[{"href":"https:\/\/prva.hr\/index.php\/wp-json\/wp\/v2\/posts\/21582","targetHints":{"allow":["GET"]}}],"collection":[{"href":"https:\/\/prva.hr\/index.php\/wp-json\/wp\/v2\/posts"}],"about":[{"href":"https:\/\/prva.hr\/index.php\/wp-json\/wp\/v2\/types\/post"}],"author":[{"embeddable":true,"href":"https:\/\/prva.hr\/index.php\/wp-json\/wp\/v2\/users\/9"}],"replies":[{"embeddable":true,"href":"https:\/\/prva.hr\/index.php\/wp-json\/wp\/v2\/comments?post=21582"}],"version-history":[{"count":10,"href":"https:\/\/prva.hr\/index.php\/wp-json\/wp\/v2\/posts\/21582\/revisions"}],"predecessor-version":[{"id":21604,"href":"https:\/\/prva.hr\/index.php\/wp-json\/wp\/v2\/posts\/21582\/revisions\/21604"}],"wp:featuredmedia":[{"embeddable":true,"href":"https:\/\/prva.hr\/index.php\/wp-json\/wp\/v2\/media\/21596"}],"wp:attachment":[{"href":"https:\/\/prva.hr\/index.php\/wp-json\/wp\/v2\/media?parent=21582"}],"wp:term":[{"taxonomy":"category","embeddable":true,"href":"https:\/\/prva.hr\/index.php\/wp-json\/wp\/v2\/categories?post=21582"},{"taxonomy":"post_tag","embeddable":true,"href":"https:\/\/prva.hr\/index.php\/wp-json\/wp\/v2\/tags?post=21582"}],"curies":[{"name":"wp","href":"https:\/\/api.w.org\/{rel}","templated":true}]}}