{"id":21607,"date":"2025-11-05T08:13:26","date_gmt":"2025-11-05T07:13:26","guid":{"rendered":"https:\/\/www.prva.hr\/?p=21607"},"modified":"2025-11-05T08:13:56","modified_gmt":"2025-11-05T07:13:56","slug":"sudjelovanje-i-gimnazije-u-europskom-znanstvenom-istrazivanju-tepace","status":"publish","type":"post","link":"https:\/\/prva.hr\/index.php\/2025\/11\/05\/sudjelovanje-i-gimnazije-u-europskom-znanstvenom-istrazivanju-tepace\/","title":{"rendered":"Sudjelovanje I. gimnazije u europskom znanstvenom istra\u017eivanju TEPACE"},"content":{"rendered":"\n<p>Po\u010detkom studenoga I. gimnazija je sudjelovala u provedbi europskog znanstvenog istra\u017eivanja o odgoju karaktera pod nazivom <strong>&#8220;Stavovi nastavnika i roditelja o odgoju karaktera u Europi&#8221;<\/strong>\u00a0(Teachers&#8217; and Parents&#8217; Perspectives on Character Education in Europe &#8211;\u00a0TEPACE).<\/p>\n\n\n\n<p>Zahvaljujemo nastavnicima i roditeljima u\u010denika koji su sudjelovali i doprinijeli rezultatima istra\u017eivanja.<\/p>\n\n\n\n<p>Vlasta Luka\u010devi\u0107, \u0161kolska psihologinja<\/p>\n","protected":false},"excerpt":{"rendered":"<p>Po\u010detkom studenoga I. gimnazija je sudjelovala u provedbi europskog znanstvenog istra\u017eivanja o odgoju karaktera pod nazivom &#8220;Stavovi nastavnika i roditelja o odgoju karaktera u Europi&#8221;\u00a0(Teachers&#8217; and Parents&#8217; Perspectives on Character Education in Europe &#8211;\u00a0TEPACE). Zahvaljujemo nastavnicima i roditeljima u\u010denika koji su sudjelovali i doprinijeli rezultatima istra\u017eivanja. Vlasta Luka\u010devi\u0107, \u0161kolska psihologinja<\/p>\n","protected":false},"author":6,"featured_media":21610,"comment_status":"closed","ping_status":"0","sticky":false,"template":"","format":"standard","meta":{"_et_pb_use_builder":"","_et_pb_old_content":"","_et_gb_content_width":"","footnotes":""},"categories":[5,6],"tags":[],"class_list":["post-21607","post","type-post","status-publish","format-standard","has-post-thumbnail","hentry","category-aktivnosti","category-aktualna-dogadanja"],"_links":{"self":[{"href":"https:\/\/prva.hr\/index.php\/wp-json\/wp\/v2\/posts\/21607","targetHints":{"allow":["GET"]}}],"collection":[{"href":"https:\/\/prva.hr\/index.php\/wp-json\/wp\/v2\/posts"}],"about":[{"href":"https:\/\/prva.hr\/index.php\/wp-json\/wp\/v2\/types\/post"}],"author":[{"embeddable":true,"href":"https:\/\/prva.hr\/index.php\/wp-json\/wp\/v2\/users\/6"}],"replies":[{"embeddable":true,"href":"https:\/\/prva.hr\/index.php\/wp-json\/wp\/v2\/comments?post=21607"}],"version-history":[{"count":2,"href":"https:\/\/prva.hr\/index.php\/wp-json\/wp\/v2\/posts\/21607\/revisions"}],"predecessor-version":[{"id":21611,"href":"https:\/\/prva.hr\/index.php\/wp-json\/wp\/v2\/posts\/21607\/revisions\/21611"}],"wp:featuredmedia":[{"embeddable":true,"href":"https:\/\/prva.hr\/index.php\/wp-json\/wp\/v2\/media\/21610"}],"wp:attachment":[{"href":"https:\/\/prva.hr\/index.php\/wp-json\/wp\/v2\/media?parent=21607"}],"wp:term":[{"taxonomy":"category","embeddable":true,"href":"https:\/\/prva.hr\/index.php\/wp-json\/wp\/v2\/categories?post=21607"},{"taxonomy":"post_tag","embeddable":true,"href":"https:\/\/prva.hr\/index.php\/wp-json\/wp\/v2\/tags?post=21607"}],"curies":[{"name":"wp","href":"https:\/\/api.w.org\/{rel}","templated":true}]}}