{"id":21631,"date":"2025-11-07T10:01:46","date_gmt":"2025-11-07T09:01:46","guid":{"rendered":"https:\/\/www.prva.hr\/?p=21631"},"modified":"2025-11-07T10:01:49","modified_gmt":"2025-11-07T09:01:49","slug":"posjet-tifloloskom-muzeju-i-botanickom-vrtu","status":"publish","type":"post","link":"https:\/\/prva.hr\/index.php\/2025\/11\/07\/posjet-tifloloskom-muzeju-i-botanickom-vrtu\/","title":{"rendered":"Posjet Tiflolo\u0161kom muzeju i Botani\u010dkom vrtu"},"content":{"rendered":"\n<p>U\u010denici drugih razreda izborne psihologije su <strong>5. 11.<\/strong> <strong>2025.,<\/strong> a u\u010denici tre\u0107ih razreda izborne psihologije su <strong>6. 11. 2025.<\/strong> u pratnji prof. Susanne-Gordana Homan posjetili <strong>Tiflolo\u0161ki muzej i Botani\u010dki vrt.<\/strong> Tiflolo\u0161ki muzej jedan je od rijetkih muzeja u Europi koji se bavi problematikom osoba o\u0161te\u0107ena vida i nalazi se od 1959. godine u Dra\u0161kovi\u0107evoj ulici. Postava muzeja u potpunosti je pristupa\u010dna ne samo slijepim i slabovidnim osobama ve\u0107 i posjetiteljima o\u0161te\u0107ena sluha i osobama u invalidskim kolicima. U\u010denicima se osobito svi\u0111ala &#8220;tamna soba&#8221; kroz koju su se morali kretati u potpunom mraku. Imali su prilike pisati na Brailleovom pisa\u0107em stroju i pisati na brajici pomo\u0107u specijalnih tablica u koje se umetne papir i \u0161ilom utiskuju to\u010dke. Nakon razgledavanja Tiflolo\u0161kog muzeja posjetili smo Botani\u010dki vrt koji se nalazi u blizini. Istra\u017eivanja pokazuju da \u0161etnja prirodom smanjuje anksioznost, ja\u010da fizi\u010dko i mentalno zdravlje. U to smo se i sami uvjerili, relaksiraju\u0107a \u0161etnja Botani\u010dkim vrtom izazvala je u nama puno pozitivnih emocija.<\/p>\n\n\n\n<figure class=\"wp-block-image size-large is-resized\"><img decoding=\"async\" data-src=\"https:\/\/www.prva.hr\/wp-content\/uploads\/2025\/11\/20251105_140941-768x1024.jpg\" alt=\"\" class=\"wp-image-21634 lazyload\" width=\"245\" height=\"327\" data-srcset=\"https:\/\/prva.hr\/wp-content\/uploads\/2025\/11\/20251105_140941-768x1024.jpg 768w, https:\/\/prva.hr\/wp-content\/uploads\/2025\/11\/20251105_140941-225x300.jpg 225w, https:\/\/prva.hr\/wp-content\/uploads\/2025\/11\/20251105_140941-1152x1536.jpg 1152w, https:\/\/prva.hr\/wp-content\/uploads\/2025\/11\/20251105_140941-1536x2048.jpg 1536w, https:\/\/prva.hr\/wp-content\/uploads\/2025\/11\/20251105_140941-scaled.jpg 1920w\" data-sizes=\"(max-width: 245px) 100vw, 245px\" src=\"data:image\/svg+xml;base64,PHN2ZyB3aWR0aD0iMSIgaGVpZ2h0PSIxIiB4bWxucz0iaHR0cDovL3d3dy53My5vcmcvMjAwMC9zdmciPjwvc3ZnPg==\" style=\"--smush-placeholder-width: 245px; --smush-placeholder-aspect-ratio: 245\/327;\" \/><\/figure>\n\n\n\n<figure class=\"wp-block-image size-large is-resized\"><img decoding=\"async\" data-src=\"https:\/\/www.prva.hr\/wp-content\/uploads\/2025\/11\/20251106_132011-768x1024.jpg\" alt=\"\" class=\"wp-image-21635 lazyload\" width=\"250\" height=\"333\" data-srcset=\"https:\/\/prva.hr\/wp-content\/uploads\/2025\/11\/20251106_132011-768x1024.jpg 768w, https:\/\/prva.hr\/wp-content\/uploads\/2025\/11\/20251106_132011-225x300.jpg 225w, https:\/\/prva.hr\/wp-content\/uploads\/2025\/11\/20251106_132011-1152x1536.jpg 1152w, https:\/\/prva.hr\/wp-content\/uploads\/2025\/11\/20251106_132011-1536x2048.jpg 1536w, https:\/\/prva.hr\/wp-content\/uploads\/2025\/11\/20251106_132011-scaled.jpg 1920w\" data-sizes=\"(max-width: 250px) 100vw, 250px\" src=\"data:image\/svg+xml;base64,PHN2ZyB3aWR0aD0iMSIgaGVpZ2h0PSIxIiB4bWxucz0iaHR0cDovL3d3dy53My5vcmcvMjAwMC9zdmciPjwvc3ZnPg==\" style=\"--smush-placeholder-width: 250px; --smush-placeholder-aspect-ratio: 250\/333;\" \/><\/figure>\n\n\n\n<figure class=\"wp-block-image size-large is-resized\"><img decoding=\"async\" data-src=\"https:\/\/www.prva.hr\/wp-content\/uploads\/2025\/11\/20251105_131025-768x1024.jpg\" alt=\"\" class=\"wp-image-21636 lazyload\" width=\"253\" height=\"337\" data-srcset=\"https:\/\/prva.hr\/wp-content\/uploads\/2025\/11\/20251105_131025-768x1024.jpg 768w, https:\/\/prva.hr\/wp-content\/uploads\/2025\/11\/20251105_131025-225x300.jpg 225w, https:\/\/prva.hr\/wp-content\/uploads\/2025\/11\/20251105_131025-1152x1536.jpg 1152w, https:\/\/prva.hr\/wp-content\/uploads\/2025\/11\/20251105_131025-1536x2048.jpg 1536w, https:\/\/prva.hr\/wp-content\/uploads\/2025\/11\/20251105_131025-scaled.jpg 1920w\" data-sizes=\"(max-width: 253px) 100vw, 253px\" src=\"data:image\/svg+xml;base64,PHN2ZyB3aWR0aD0iMSIgaGVpZ2h0PSIxIiB4bWxucz0iaHR0cDovL3d3dy53My5vcmcvMjAwMC9zdmciPjwvc3ZnPg==\" style=\"--smush-placeholder-width: 253px; --smush-placeholder-aspect-ratio: 253\/337;\" \/><\/figure>\n\n\n\n<figure class=\"wp-block-image size-large is-resized\"><img decoding=\"async\" data-src=\"https:\/\/www.prva.hr\/wp-content\/uploads\/2025\/11\/20251105_142833-1024x768.jpg\" alt=\"\" class=\"wp-image-21637 lazyload\" width=\"404\" height=\"303\" data-srcset=\"https:\/\/prva.hr\/wp-content\/uploads\/2025\/11\/20251105_142833-1024x768.jpg 1024w, https:\/\/prva.hr\/wp-content\/uploads\/2025\/11\/20251105_142833-300x225.jpg 300w, https:\/\/prva.hr\/wp-content\/uploads\/2025\/11\/20251105_142833-768x576.jpg 768w, https:\/\/prva.hr\/wp-content\/uploads\/2025\/11\/20251105_142833-1536x1152.jpg 1536w, https:\/\/prva.hr\/wp-content\/uploads\/2025\/11\/20251105_142833-2048x1536.jpg 2048w, https:\/\/prva.hr\/wp-content\/uploads\/2025\/11\/20251105_142833-400x300.jpg 400w\" data-sizes=\"(max-width: 404px) 100vw, 404px\" src=\"data:image\/svg+xml;base64,PHN2ZyB3aWR0aD0iMSIgaGVpZ2h0PSIxIiB4bWxucz0iaHR0cDovL3d3dy53My5vcmcvMjAwMC9zdmciPjwvc3ZnPg==\" style=\"--smush-placeholder-width: 404px; --smush-placeholder-aspect-ratio: 404\/303;\" \/><\/figure>\n\n\n\n<p>Susanne &#8211; Gordana Homan<\/p>\n","protected":false},"excerpt":{"rendered":"<p>U\u010denici drugih razreda izborne psihologije su 5. 11. 2025., a u\u010denici tre\u0107ih razreda izborne psihologije su 6. 11. 2025. u pratnji prof. Susanne-Gordana Homan posjetili Tiflolo\u0161ki muzej i Botani\u010dki vrt. Tiflolo\u0161ki muzej jedan je od rijetkih muzeja u Europi koji se bavi problematikom osoba o\u0161te\u0107ena vida i nalazi se od 1959. godine u Dra\u0161kovi\u0107evoj ulici. [&hellip;]<\/p>\n","protected":false},"author":6,"featured_media":21633,"comment_status":"closed","ping_status":"0","sticky":false,"template":"","format":"standard","meta":{"_et_pb_use_builder":"","_et_pb_old_content":"","_et_gb_content_width":"","footnotes":""},"categories":[5,6],"tags":[],"class_list":["post-21631","post","type-post","status-publish","format-standard","has-post-thumbnail","hentry","category-aktivnosti","category-aktualna-dogadanja"],"_links":{"self":[{"href":"https:\/\/prva.hr\/index.php\/wp-json\/wp\/v2\/posts\/21631","targetHints":{"allow":["GET"]}}],"collection":[{"href":"https:\/\/prva.hr\/index.php\/wp-json\/wp\/v2\/posts"}],"about":[{"href":"https:\/\/prva.hr\/index.php\/wp-json\/wp\/v2\/types\/post"}],"author":[{"embeddable":true,"href":"https:\/\/prva.hr\/index.php\/wp-json\/wp\/v2\/users\/6"}],"replies":[{"embeddable":true,"href":"https:\/\/prva.hr\/index.php\/wp-json\/wp\/v2\/comments?post=21631"}],"version-history":[{"count":3,"href":"https:\/\/prva.hr\/index.php\/wp-json\/wp\/v2\/posts\/21631\/revisions"}],"predecessor-version":[{"id":21639,"href":"https:\/\/prva.hr\/index.php\/wp-json\/wp\/v2\/posts\/21631\/revisions\/21639"}],"wp:featuredmedia":[{"embeddable":true,"href":"https:\/\/prva.hr\/index.php\/wp-json\/wp\/v2\/media\/21633"}],"wp:attachment":[{"href":"https:\/\/prva.hr\/index.php\/wp-json\/wp\/v2\/media?parent=21631"}],"wp:term":[{"taxonomy":"category","embeddable":true,"href":"https:\/\/prva.hr\/index.php\/wp-json\/wp\/v2\/categories?post=21631"},{"taxonomy":"post_tag","embeddable":true,"href":"https:\/\/prva.hr\/index.php\/wp-json\/wp\/v2\/tags?post=21631"}],"curies":[{"name":"wp","href":"https:\/\/api.w.org\/{rel}","templated":true}]}}