{"id":21704,"date":"2025-11-13T08:12:54","date_gmt":"2025-11-13T07:12:54","guid":{"rendered":"https:\/\/www.prva.hr\/?p=21704"},"modified":"2025-11-13T08:14:45","modified_gmt":"2025-11-13T07:14:45","slug":"posjet-psihologinje-ucenickog-doma-novi-zagreb","status":"publish","type":"post","link":"https:\/\/prva.hr\/index.php\/2025\/11\/13\/posjet-psihologinje-ucenickog-doma-novi-zagreb\/","title":{"rendered":"Posjet psihologinje U\u010deni\u010dkog doma Novi Zagreb"},"content":{"rendered":"\n<p>Dana <strong>12. studenoga 2025.<\/strong> psihologinja&nbsp;U\u010deni\u010dkog doma Novi Zagreb <strong>Lara Belo\u0161evi\u0107<\/strong>&nbsp;odr\u017eala je u\u010denicima drugih razreda <strong>izborne psihologije<\/strong> zanimljivo predavanje o svom poslu domskog psihologa. Saznali smo da u u\u010deni\u010dke domove dolaze djeca iz cijele Hrvatske kako bi se \u0161kolovala u Zagrebu.<\/p>\n\n\n\n<p>Mlada psihologinja s velikim je entuzijazmom govorila o svom tipi\u010dnom radnom danu, po\u017eeljnim osobinama psihologa te o suradnji s odgajateljima, roditeljima i drugim stru\u010dnim suradnicima. Posebno se osvrnula na svoj rad s u\u010denicima \u2013 \u010desto vodi individualne i grupne razgovore, poma\u017ee im u prilagodbi na domski \u017eivot te posreduje u rje\u0161avanju sukoba. Kao stru\u010dna suradnica psihologinja usko sura\u0111uje s pedagoginjom i zdravstvenom voditeljicom te provodi preventivne programe i radionice za u\u010denike.<\/p>\n\n\n\n<p>Veliko hvala Lari na dolasku u Prvu gimnaziju i na zanimljivom, inspirativnom predavanju.<\/p>\n\n\n\n<p>Susanne &#8211; Gordana Homan, prof.<\/p>\n\n\n\n<figure class=\"wp-block-image size-large is-resized\"><img decoding=\"async\" data-src=\"https:\/\/www.prva.hr\/wp-content\/uploads\/2025\/11\/1000031796-909x1024.jpg\" alt=\"\" class=\"wp-image-21708 lazyload\" width=\"421\" height=\"474\" data-srcset=\"https:\/\/prva.hr\/wp-content\/uploads\/2025\/11\/1000031796-909x1024.jpg 909w, https:\/\/prva.hr\/wp-content\/uploads\/2025\/11\/1000031796-266x300.jpg 266w, https:\/\/prva.hr\/wp-content\/uploads\/2025\/11\/1000031796-768x865.jpg 768w, https:\/\/prva.hr\/wp-content\/uploads\/2025\/11\/1000031796-1364x1536.jpg 1364w, https:\/\/prva.hr\/wp-content\/uploads\/2025\/11\/1000031796-1819x2048.jpg 1819w\" data-sizes=\"(max-width: 421px) 100vw, 421px\" src=\"data:image\/svg+xml;base64,PHN2ZyB3aWR0aD0iMSIgaGVpZ2h0PSIxIiB4bWxucz0iaHR0cDovL3d3dy53My5vcmcvMjAwMC9zdmciPjwvc3ZnPg==\" style=\"--smush-placeholder-width: 421px; --smush-placeholder-aspect-ratio: 421\/474;\" \/><\/figure>\n\n\n\n<figure class=\"wp-block-image size-large is-resized\"><img decoding=\"async\" data-src=\"https:\/\/www.prva.hr\/wp-content\/uploads\/2025\/11\/1000031797-763x1024.jpg\" alt=\"\" class=\"wp-image-21709 lazyload\" width=\"424\" height=\"570\" data-srcset=\"https:\/\/prva.hr\/wp-content\/uploads\/2025\/11\/1000031797-763x1024.jpg 763w, https:\/\/prva.hr\/wp-content\/uploads\/2025\/11\/1000031797-224x300.jpg 224w, https:\/\/prva.hr\/wp-content\/uploads\/2025\/11\/1000031797-768x1031.jpg 768w, https:\/\/prva.hr\/wp-content\/uploads\/2025\/11\/1000031797-1145x1536.jpg 1145w, https:\/\/prva.hr\/wp-content\/uploads\/2025\/11\/1000031797-1526x2048.jpg 1526w, https:\/\/prva.hr\/wp-content\/uploads\/2025\/11\/1000031797.jpg 1801w\" data-sizes=\"(max-width: 424px) 100vw, 424px\" src=\"data:image\/svg+xml;base64,PHN2ZyB3aWR0aD0iMSIgaGVpZ2h0PSIxIiB4bWxucz0iaHR0cDovL3d3dy53My5vcmcvMjAwMC9zdmciPjwvc3ZnPg==\" style=\"--smush-placeholder-width: 424px; --smush-placeholder-aspect-ratio: 424\/570;\" \/><\/figure>\n\n\n\n<p><\/p>\n","protected":false},"excerpt":{"rendered":"<p>Dana 12. studenoga 2025. psihologinja&nbsp;U\u010deni\u010dkog doma Novi Zagreb Lara Belo\u0161evi\u0107&nbsp;odr\u017eala je u\u010denicima drugih razreda izborne psihologije zanimljivo predavanje o svom poslu domskog psihologa. Saznali smo da u u\u010deni\u010dke domove dolaze djeca iz cijele Hrvatske kako bi se \u0161kolovala u Zagrebu. Mlada psihologinja s velikim je entuzijazmom govorila o svom tipi\u010dnom radnom danu, po\u017eeljnim osobinama psihologa [&hellip;]<\/p>\n","protected":false},"author":6,"featured_media":21707,"comment_status":"closed","ping_status":"0","sticky":false,"template":"","format":"standard","meta":{"_et_pb_use_builder":"","_et_pb_old_content":"","_et_gb_content_width":"","footnotes":""},"categories":[5,6],"tags":[],"class_list":["post-21704","post","type-post","status-publish","format-standard","has-post-thumbnail","hentry","category-aktivnosti","category-aktualna-dogadanja"],"_links":{"self":[{"href":"https:\/\/prva.hr\/index.php\/wp-json\/wp\/v2\/posts\/21704","targetHints":{"allow":["GET"]}}],"collection":[{"href":"https:\/\/prva.hr\/index.php\/wp-json\/wp\/v2\/posts"}],"about":[{"href":"https:\/\/prva.hr\/index.php\/wp-json\/wp\/v2\/types\/post"}],"author":[{"embeddable":true,"href":"https:\/\/prva.hr\/index.php\/wp-json\/wp\/v2\/users\/6"}],"replies":[{"embeddable":true,"href":"https:\/\/prva.hr\/index.php\/wp-json\/wp\/v2\/comments?post=21704"}],"version-history":[{"count":4,"href":"https:\/\/prva.hr\/index.php\/wp-json\/wp\/v2\/posts\/21704\/revisions"}],"predecessor-version":[{"id":21711,"href":"https:\/\/prva.hr\/index.php\/wp-json\/wp\/v2\/posts\/21704\/revisions\/21711"}],"wp:featuredmedia":[{"embeddable":true,"href":"https:\/\/prva.hr\/index.php\/wp-json\/wp\/v2\/media\/21707"}],"wp:attachment":[{"href":"https:\/\/prva.hr\/index.php\/wp-json\/wp\/v2\/media?parent=21704"}],"wp:term":[{"taxonomy":"category","embeddable":true,"href":"https:\/\/prva.hr\/index.php\/wp-json\/wp\/v2\/categories?post=21704"},{"taxonomy":"post_tag","embeddable":true,"href":"https:\/\/prva.hr\/index.php\/wp-json\/wp\/v2\/tags?post=21704"}],"curies":[{"name":"wp","href":"https:\/\/api.w.org\/{rel}","templated":true}]}}