{"id":2195,"date":"2017-11-22T13:50:02","date_gmt":"2017-11-22T12:50:02","guid":{"rendered":"http:\/\/www.prva.hr\/?p=2195"},"modified":"2017-11-22T13:50:02","modified_gmt":"2017-11-22T12:50:02","slug":"najstarija-svjetovna-gimnazija-u-zagrebu-slavi-veliki-163-rodendan","status":"publish","type":"post","link":"https:\/\/prva.hr\/index.php\/2017\/11\/22\/najstarija-svjetovna-gimnazija-u-zagrebu-slavi-veliki-163-rodendan\/","title":{"rendered":"Najstarija svjetovna gimnazija u Zagrebu slavi veliki 163. ro\u0111endan"},"content":{"rendered":"<p><strong>Na portalu<em> srednja.hr<\/em> objavljen je \u010dlanak o I. gimnazijji povodom njenog 163. ro\u0111endana.<\/strong><\/p>\n<h4>Najstarija svjetovna gimnazija u Zagrebu slavi veliki 163. ro\u0111endan: Doznajte koje su ju javne li\u010dnosti poha\u0111ale<\/h4>\n<h4><strong>Na dr\u017eavnoj su maturi me\u0111u uspje\u0161nijim \u0161kolama, a provode se ondje i brojne izvannastavne aktivnosti, na kojima se, izme\u0111u ostalih, \u0111aci pripremaju za \u017eivot kroz predmete poput Financijske pismenosti. Rije\u010d je o I. gimnaziji u Zagrebu koja danas slavi svoj veliki 163. ro\u0111endan.<\/strong><\/h4>\n<p>Cijeli \u010dlanak pro\u010ditajte <a href=\"https:\/\/www.srednja.hr\/zbornica\/nastava\/najstarija-svjetovna-gimnazija-zagrebu-slavi-veliki-163-rodendan-doznajte-koje-ju-javne-licnosti-pohadale\/\">ovdje.<\/a><\/p>\n","protected":false},"excerpt":{"rendered":"<p>Na portalu srednja.hr objavljen je \u010dlanak o I. gimnazijji povodom njenog 163. ro\u0111endana. Najstarija svjetovna gimnazija u Zagrebu slavi veliki 163. ro\u0111endan: Doznajte koje su ju javne li\u010dnosti poha\u0111ale Na dr\u017eavnoj su maturi me\u0111u uspje\u0161nijim \u0161kolama, a provode se ondje i brojne izvannastavne aktivnosti, na kojima se, izme\u0111u ostalih, \u0111aci pripremaju za \u017eivot kroz predmete [&hellip;]<\/p>\n","protected":false},"author":4,"featured_media":0,"comment_status":"closed","ping_status":"closed","sticky":false,"template":"","format":"standard","meta":{"_et_pb_use_builder":"","_et_pb_old_content":"","_et_gb_content_width":"","footnotes":""},"categories":[52],"tags":[],"class_list":["post-2195","post","type-post","status-publish","format-standard","hentry","category-mediji-skola-u-medijima"],"_links":{"self":[{"href":"https:\/\/prva.hr\/index.php\/wp-json\/wp\/v2\/posts\/2195","targetHints":{"allow":["GET"]}}],"collection":[{"href":"https:\/\/prva.hr\/index.php\/wp-json\/wp\/v2\/posts"}],"about":[{"href":"https:\/\/prva.hr\/index.php\/wp-json\/wp\/v2\/types\/post"}],"author":[{"embeddable":true,"href":"https:\/\/prva.hr\/index.php\/wp-json\/wp\/v2\/users\/4"}],"replies":[{"embeddable":true,"href":"https:\/\/prva.hr\/index.php\/wp-json\/wp\/v2\/comments?post=2195"}],"version-history":[{"count":1,"href":"https:\/\/prva.hr\/index.php\/wp-json\/wp\/v2\/posts\/2195\/revisions"}],"predecessor-version":[{"id":2196,"href":"https:\/\/prva.hr\/index.php\/wp-json\/wp\/v2\/posts\/2195\/revisions\/2196"}],"wp:attachment":[{"href":"https:\/\/prva.hr\/index.php\/wp-json\/wp\/v2\/media?parent=2195"}],"wp:term":[{"taxonomy":"category","embeddable":true,"href":"https:\/\/prva.hr\/index.php\/wp-json\/wp\/v2\/categories?post=2195"},{"taxonomy":"post_tag","embeddable":true,"href":"https:\/\/prva.hr\/index.php\/wp-json\/wp\/v2\/tags?post=2195"}],"curies":[{"name":"wp","href":"https:\/\/api.w.org\/{rel}","templated":true}]}}