{"id":2197,"date":"2017-11-22T14:46:40","date_gmt":"2017-11-22T13:46:40","guid":{"rendered":"http:\/\/www.prva.hr\/?p=2197"},"modified":"2017-11-22T14:46:40","modified_gmt":"2017-11-22T13:46:40","slug":"djeca-i-mladi-pisu-vukovarcima-i-vukovaru-neka-se-vise-nikada-ne-zacuje-pucnjava-granata","status":"publish","type":"post","link":"https:\/\/prva.hr\/index.php\/2017\/11\/22\/djeca-i-mladi-pisu-vukovarcima-i-vukovaru-neka-se-vise-nikada-ne-zacuje-pucnjava-granata\/","title":{"rendered":"Djeca i mladi pi\u0161u Vukovarcima i Vukovaru: &#8216;Neka se vi\u0161e nikada ne za\u010duje pucnjava granata&#8217;"},"content":{"rendered":"<p>Djeca i mladi diljem Hrvatske poslali su poruke Vukovarcima u Gradu Heroju na\u00a0 Dan sje\u0107anja, me\u0111u njima su i u\u010denici I. gimnazije.<\/p>\n<p><strong>Gabriel Andrej Liki\u0107, 3.d<\/strong><\/p>\n<p>Mislim da Vukovaru mogu poru\u010diti samo jedno &#8211; hvala ti!. Ro\u0111en sam 2001. godine, dugo nakon \u0161to je rat ve\u0107 zavr\u0161io, ali puno sam toga \u010duo i puno sam u\u010dio o tome u \u0161koli. Unato\u010d tome, ne mogu ni pribli\u017eno zamisliti kakve je strahote Vukovar pro\u017eivio.<\/p>\n<p><strong>Dario Topi\u0107, 3. e<\/strong><\/p>\n<p>Danas u hladnim danima studenog kada se prisje\u0107amo Vukovara mo\u017eemo uvjek re\u0107i da \u0107e ostati grad heroj. Ali, jednako je va\u017eno da Vukovar bude grad budu\u0107nosti. Tu\u017ena je realnost da se Vukovara ve\u0107ina sjeti samo na dana\u0161nji dan, a ne govori se o tome kako se tamo te\u0161ko \u017eivi i da je u gradu sve manje ljudi. Kada govorimo o Vukovaru, sve je nekako ostalo na rije\u010dima te u sjeni ideolo\u0161kih prijepora i to se mora promijeniti. Mora se vi\u0161e misliti o \u017eivotu tamo\u0161njih ljudi i kako ga unaprijediti.<\/p>\n<p><strong>Antonija Rado\u0161, 3.b<\/strong><\/p>\n<p>Gradu ti\u0161ine, patnje, boli i u\u017easa, gradu heroju koji si toliko propatio&#8230; Drago mi je vidjeti da i danas ponosno stoji\u0161 na Dunavu i \u017eelim svom tamo\u0161njem stani\u0161tu da \u0161to sretnije \u017eivi jer su u pro\u0161losti toliko pretrpjeli. Kao \u0161to je Sini\u0161a Glava\u0161evi\u0107 rekao, grad &#8211; to su ljudi. Zato treba misliti na njih i omogu\u0107iti im \u0161to kvalitetniji \u017eivot.<\/p>\n<p><strong>Paula Stepani\u0107, 2,b<\/strong><\/p>\n<p>Gradu heroju, moja cijela generacija jako ti je zahvalna za sve \u0161to si pretrpio. Mislim da svakom djetetu roditelji trebaju ispri\u010dati o svemu \u0161to se doga\u0111alo u ratu kako bismo mogli bolje razumjeti. Ja bih osobno voljela da se danas tamo bolje \u017eivi jer znam da se puno ljudi iseljava.<\/p>\n<p>Pro\u010ditajte vi\u0161e na:\u00a0<a href=\"https:\/\/www.vecernji.hr\/vijesti\/djeca-i-mladi-pisu-vukovarcima-i-vukovaru-neka-se-vise-nikada-ne-zacuje-pucnjava-granata-1208577\">https:\/\/www.vecernji.hr\/vijesti\/djeca-i-mladi-pisu-vukovarcima-i-vukovaru-neka-se-vise-nikada-ne-zacuje-pucnjava-granata-1208577<\/a><\/p>\n","protected":false},"excerpt":{"rendered":"<p>Djeca i mladi diljem Hrvatske poslali su poruke Vukovarcima u Gradu Heroju na\u00a0 Dan sje\u0107anja, me\u0111u njima su i u\u010denici I. gimnazije. Gabriel Andrej Liki\u0107, 3.d Mislim da Vukovaru mogu poru\u010diti samo jedno &#8211; hvala ti!. Ro\u0111en sam 2001. godine, dugo nakon \u0161to je rat ve\u0107 zavr\u0161io, ali puno sam toga \u010duo i puno sam [&hellip;]<\/p>\n","protected":false},"author":4,"featured_media":0,"comment_status":"closed","ping_status":"closed","sticky":false,"template":"","format":"standard","meta":{"_et_pb_use_builder":"","_et_pb_old_content":"","_et_gb_content_width":"","footnotes":""},"categories":[52],"tags":[],"class_list":["post-2197","post","type-post","status-publish","format-standard","hentry","category-mediji-skola-u-medijima"],"_links":{"self":[{"href":"https:\/\/prva.hr\/index.php\/wp-json\/wp\/v2\/posts\/2197","targetHints":{"allow":["GET"]}}],"collection":[{"href":"https:\/\/prva.hr\/index.php\/wp-json\/wp\/v2\/posts"}],"about":[{"href":"https:\/\/prva.hr\/index.php\/wp-json\/wp\/v2\/types\/post"}],"author":[{"embeddable":true,"href":"https:\/\/prva.hr\/index.php\/wp-json\/wp\/v2\/users\/4"}],"replies":[{"embeddable":true,"href":"https:\/\/prva.hr\/index.php\/wp-json\/wp\/v2\/comments?post=2197"}],"version-history":[{"count":1,"href":"https:\/\/prva.hr\/index.php\/wp-json\/wp\/v2\/posts\/2197\/revisions"}],"predecessor-version":[{"id":2198,"href":"https:\/\/prva.hr\/index.php\/wp-json\/wp\/v2\/posts\/2197\/revisions\/2198"}],"wp:attachment":[{"href":"https:\/\/prva.hr\/index.php\/wp-json\/wp\/v2\/media?parent=2197"}],"wp:term":[{"taxonomy":"category","embeddable":true,"href":"https:\/\/prva.hr\/index.php\/wp-json\/wp\/v2\/categories?post=2197"},{"taxonomy":"post_tag","embeddable":true,"href":"https:\/\/prva.hr\/index.php\/wp-json\/wp\/v2\/tags?post=2197"}],"curies":[{"name":"wp","href":"https:\/\/api.w.org\/{rel}","templated":true}]}}