{"id":22075,"date":"2025-11-25T13:08:32","date_gmt":"2025-11-25T12:08:32","guid":{"rendered":"https:\/\/prva.hr\/?p=22075"},"modified":"2025-11-25T13:08:34","modified_gmt":"2025-11-25T12:08:34","slug":"plivali-smo-za-171-rodendan-skole","status":"publish","type":"post","link":"https:\/\/prva.hr\/index.php\/2025\/11\/25\/plivali-smo-za-171-rodendan-skole\/","title":{"rendered":"Plivali smo za 171. ro\u0111endan \u0161kole"},"content":{"rendered":"\n<p>Fantasti\u010dno pliva\u010dko natjecanje odr\u017eali smo 20. 11. 2025. u \u010dast ro\u0111endana na\u0161e \u0161kole. Ovo je ve\u0107 deveto natjecanje pliva\u010dkih \u0161tafeta (6&#215;25 m) u povijesti \u0161kole. Ovoga puta u bazenu je plivao rekordni broj u\u010denika, na tribinama navija\u010di glasniji no ikad, finalna utrka napeta do zadnje sekunde.<\/p>\n\n\n\n<p>Dogodilo se i ne\u0161to za \u0161to smo mislili da je nemogu\u0107e &#8211; na natjecanju su zaplivali SVI u\u010denici jednog razreda. Naime, 24 u\u010denika 2.b, raspore\u0111eno u 4 ekipe branilo je boje svog razreda. Apsolutno najve\u0107e postignu\u0107e ikada zabilje\u017eeno na ovom natjecanju!<\/p>\n\n\n\n<p>Od 25 prijavljenih ekipa i otplivanih kvalifikacijskih utrka najbr\u017eih 5 je ostvarilo plasman u finalnu utrku. Naslov prvaka oti\u0161ao je ekipi 4.b. (u finalnoj utrci su \u010dak za 5 sekundi popravili vrijeme iz kvalifikacija!), &#8220;malci&#8221; iz 1.e osvojili su srebro, a 2.a broncu. \u010cestitke svima, ovo su super uspomene.<\/p>\n\n\n\n<p>Da bi sve teklo glatko pomagale su profesorice koje su mjerile vrijeme, cure iz 4.c koje su pokrile organizaciju oko bazena i za zapisni\u010dkim stolom, profesori Liber i Ra\u0161i\u0107 koji su bili animatori, a i dijelili su medalje. Sve detalje svojim aparatom bilje\u017eila je mama R\u00f6mer kojoj smo neizmjerno zahvalni \u0161to tako znala\u010dki i nesebi\u010dno stvara s nama povijest.&nbsp;<\/p>\n\n\n\n<p>Pamtit \u0107emo ovu proslavu. Djeli\u0107 atmosfere zabilje\u017een je i u videu.<\/p>\n\n\n\n<p><\/p>\n\n\n\n<figure class=\"wp-block-gallery has-nested-images columns-default is-cropped wp-block-gallery-1 is-layout-flex wp-block-gallery-is-layout-flex\">\n<figure class=\"wp-block-image size-large\"><img decoding=\"async\" width=\"1024\" height=\"682\" data-id=\"22077\" data-src=\"https:\/\/prva.hr\/wp-content\/uploads\/2025\/11\/VKJR0363-1024x682.jpg\" alt=\"\" class=\"wp-image-22077 lazyload\" data-srcset=\"https:\/\/prva.hr\/wp-content\/uploads\/2025\/11\/VKJR0363-980x653.jpg 980w, https:\/\/prva.hr\/wp-content\/uploads\/2025\/11\/VKJR0363-480x320.jpg 480w\" data-sizes=\"(min-width: 0px) and (max-width: 480px) 480px, (min-width: 481px) and (max-width: 980px) 980px, (min-width: 981px) 1024px, 100vw\" src=\"data:image\/svg+xml;base64,PHN2ZyB3aWR0aD0iMSIgaGVpZ2h0PSIxIiB4bWxucz0iaHR0cDovL3d3dy53My5vcmcvMjAwMC9zdmciPjwvc3ZnPg==\" style=\"--smush-placeholder-width: 1024px; --smush-placeholder-aspect-ratio: 1024\/682;\" \/><\/figure>\n\n\n\n<figure class=\"wp-block-image size-large\"><img decoding=\"async\" width=\"1024\" height=\"682\" data-id=\"22076\" data-src=\"https:\/\/prva.hr\/wp-content\/uploads\/2025\/11\/VKJR0328-1024x682.jpg\" alt=\"\" class=\"wp-image-22076 lazyload\" data-srcset=\"https:\/\/prva.hr\/wp-content\/uploads\/2025\/11\/VKJR0328-980x653.jpg 980w, https:\/\/prva.hr\/wp-content\/uploads\/2025\/11\/VKJR0328-480x320.jpg 480w\" data-sizes=\"(min-width: 0px) and (max-width: 480px) 480px, (min-width: 481px) and (max-width: 980px) 980px, (min-width: 981px) 1024px, 100vw\" src=\"data:image\/svg+xml;base64,PHN2ZyB3aWR0aD0iMSIgaGVpZ2h0PSIxIiB4bWxucz0iaHR0cDovL3d3dy53My5vcmcvMjAwMC9zdmciPjwvc3ZnPg==\" style=\"--smush-placeholder-width: 1024px; --smush-placeholder-aspect-ratio: 1024\/682;\" \/><\/figure>\n\n\n\n<figure class=\"wp-block-image size-large\"><img decoding=\"async\" width=\"1024\" height=\"683\" data-id=\"22078\" data-src=\"https:\/\/prva.hr\/wp-content\/uploads\/2025\/11\/VKJR0482-1024x683.jpg\" alt=\"\" class=\"wp-image-22078 lazyload\" data-srcset=\"https:\/\/prva.hr\/wp-content\/uploads\/2025\/11\/VKJR0482-980x653.jpg 980w, https:\/\/prva.hr\/wp-content\/uploads\/2025\/11\/VKJR0482-480x320.jpg 480w\" data-sizes=\"(min-width: 0px) and (max-width: 480px) 480px, (min-width: 481px) and (max-width: 980px) 980px, (min-width: 981px) 1024px, 100vw\" src=\"data:image\/svg+xml;base64,PHN2ZyB3aWR0aD0iMSIgaGVpZ2h0PSIxIiB4bWxucz0iaHR0cDovL3d3dy53My5vcmcvMjAwMC9zdmciPjwvc3ZnPg==\" style=\"--smush-placeholder-width: 1024px; --smush-placeholder-aspect-ratio: 1024\/683;\" \/><\/figure>\n<\/figure>\n\n\n\n<p><\/p>\n\n\n\n<figure class=\"wp-block-embed is-type-video is-provider-youtube wp-block-embed-youtube wp-embed-aspect-16-9 wp-has-aspect-ratio\"><div class=\"wp-block-embed__wrapper\">\n<iframe title=\"Dan \u0161kole na bazenu\" width=\"1080\" height=\"608\" data-src=\"https:\/\/www.youtube.com\/embed\/8wZqVgcTmHY?feature=oembed\"  allow=\"accelerometer; autoplay; clipboard-write; encrypted-media; gyroscope; picture-in-picture; web-share\" referrerpolicy=\"strict-origin-when-cross-origin\" allowfullscreen src=\"data:image\/svg+xml;base64,PHN2ZyB3aWR0aD0iMSIgaGVpZ2h0PSIxIiB4bWxucz0iaHR0cDovL3d3dy53My5vcmcvMjAwMC9zdmciPjwvc3ZnPg==\" class=\"lazyload\" data-load-mode=\"1\"><\/iframe>\n<\/div><\/figure>\n\n\n\n<p>Fotogafije: Jelena R\u00f6mer<\/p>\n\n\n\n<p>Tekst: Meri Matu\u0161an<\/p>\n","protected":false},"excerpt":{"rendered":"<p>Fantasti\u010dno pliva\u010dko natjecanje odr\u017eali smo 20. 11. 2025. u \u010dast ro\u0111endana na\u0161e \u0161kole. Ovo je ve\u0107 deveto natjecanje pliva\u010dkih \u0161tafeta (6&#215;25 m) u povijesti \u0161kole. Ovoga puta u bazenu je plivao rekordni broj u\u010denika, na tribinama navija\u010di glasniji no ikad, finalna utrka napeta do zadnje sekunde. Dogodilo se i ne\u0161to za \u0161to smo mislili da [&hellip;]<\/p>\n","protected":false},"author":7,"featured_media":22079,"comment_status":"closed","ping_status":"closed","sticky":false,"template":"","format":"standard","meta":{"_et_pb_use_builder":"","_et_pb_old_content":"","_et_gb_content_width":"","footnotes":""},"categories":[6,4],"tags":[],"class_list":["post-22075","post","type-post","status-publish","format-standard","has-post-thumbnail","hentry","category-aktualna-dogadanja","category-najnovije-vijesti"],"_links":{"self":[{"href":"https:\/\/prva.hr\/index.php\/wp-json\/wp\/v2\/posts\/22075","targetHints":{"allow":["GET"]}}],"collection":[{"href":"https:\/\/prva.hr\/index.php\/wp-json\/wp\/v2\/posts"}],"about":[{"href":"https:\/\/prva.hr\/index.php\/wp-json\/wp\/v2\/types\/post"}],"author":[{"embeddable":true,"href":"https:\/\/prva.hr\/index.php\/wp-json\/wp\/v2\/users\/7"}],"replies":[{"embeddable":true,"href":"https:\/\/prva.hr\/index.php\/wp-json\/wp\/v2\/comments?post=22075"}],"version-history":[{"count":1,"href":"https:\/\/prva.hr\/index.php\/wp-json\/wp\/v2\/posts\/22075\/revisions"}],"predecessor-version":[{"id":22080,"href":"https:\/\/prva.hr\/index.php\/wp-json\/wp\/v2\/posts\/22075\/revisions\/22080"}],"wp:featuredmedia":[{"embeddable":true,"href":"https:\/\/prva.hr\/index.php\/wp-json\/wp\/v2\/media\/22079"}],"wp:attachment":[{"href":"https:\/\/prva.hr\/index.php\/wp-json\/wp\/v2\/media?parent=22075"}],"wp:term":[{"taxonomy":"category","embeddable":true,"href":"https:\/\/prva.hr\/index.php\/wp-json\/wp\/v2\/categories?post=22075"},{"taxonomy":"post_tag","embeddable":true,"href":"https:\/\/prva.hr\/index.php\/wp-json\/wp\/v2\/tags?post=22075"}],"curies":[{"name":"wp","href":"https:\/\/api.w.org\/{rel}","templated":true}]}}