{"id":22125,"date":"2025-12-02T09:34:13","date_gmt":"2025-12-02T08:34:13","guid":{"rendered":"https:\/\/prva.hr\/?p=22125"},"modified":"2025-12-02T09:34:16","modified_gmt":"2025-12-02T08:34:16","slug":"kvantni-skok-u-knjizevnosti","status":"publish","type":"post","link":"https:\/\/prva.hr\/index.php\/2025\/12\/02\/kvantni-skok-u-knjizevnosti\/","title":{"rendered":"Kvantni skok u knji\u017eevnosti"},"content":{"rendered":"\n<p class=\"has-black-color has-text-color has-link-color wp-elements-ebe1d425bb3fcf9fc81dad8c3e70e588\">U petak, 28. studenoga, na inicijativu prof. Sikavica Joler i knji\u017eni\u010darke prof. Barbutov Krsteve, odr\u017eana je jo\u0161 jedna 3bina, ovoga puta kao knji\u017eevna radionica u sklopu EU projekta &#8220;<em>Generacije u pokretu &#8211; \u017eene i mladi u europskoj knji\u017eevnosti<\/em>&#8220;.<\/p>\n\n\n\n<p class=\"has-black-color has-text-color has-link-color wp-elements-b063e7ac3c23a45eee8ebfc0854d7b50\">Umjesto kvantnih pomaka elektrona istra\u017eivali smo roman&nbsp;<em>Kvantni skok<\/em>&nbsp;danske autorice Lise Villadsen \u2014 suvremeno djelo o dvjema sestrama u kojemu jedna poku\u0161ava u\u017eivati u srednjo\u0161kolskim danima, dok druga vodi borbu s mentalnim zdravljem.&nbsp;<img decoding=\"async\" alt=\"\ud83d\udc6d\ud83c\udffc\" data-src=\"https:\/\/fonts.gstatic.com\/s\/e\/notoemoji\/16.0\/1f46d_1f3fc\/32.png\" src=\"data:image\/svg+xml;base64,PHN2ZyB3aWR0aD0iMSIgaGVpZ2h0PSIxIiB4bWxucz0iaHR0cDovL3d3dy53My5vcmcvMjAwMC9zdmciPjwvc3ZnPg==\" class=\"lazyload\"><br>Na\u0161i su gosti bili: prevoditelj Mi\u0161o Grundler&nbsp;<img decoding=\"async\" alt=\"\ud83c\udde9\ud83c\uddf0\" data-src=\"https:\/\/fonts.gstatic.com\/s\/e\/notoemoji\/16.0\/1f1e9_1f1f0\/32.png\" src=\"data:image\/svg+xml;base64,PHN2ZyB3aWR0aD0iMSIgaGVpZ2h0PSIxIiB4bWxucz0iaHR0cDovL3d3dy53My5vcmcvMjAwMC9zdmciPjwvc3ZnPg==\" class=\"lazyload\">, urednica Nermina Huskovi\u0107&nbsp;<img decoding=\"async\" alt=\"\ud83d\udc69\ud83c\udffb\u200d\ud83d\udcbb\" data-src=\"https:\/\/fonts.gstatic.com\/s\/e\/notoemoji\/16.0\/1f469_1f3fb_200d_1f4bb\/32.png\" src=\"data:image\/svg+xml;base64,PHN2ZyB3aWR0aD0iMSIgaGVpZ2h0PSIxIiB4bWxucz0iaHR0cDovL3d3dy53My5vcmcvMjAwMC9zdmciPjwvc3ZnPg==\" class=\"lazyload\">&nbsp;i moderatorica Jagna Poga\u010dnik&nbsp;<img decoding=\"async\" alt=\"\ud83c\udfa4\" data-src=\"https:\/\/fonts.gstatic.com\/s\/e\/notoemoji\/16.0\/1f3a4\/32.png\" src=\"data:image\/svg+xml;base64,PHN2ZyB3aWR0aD0iMSIgaGVpZ2h0PSIxIiB4bWxucz0iaHR0cDovL3d3dy53My5vcmcvMjAwMC9zdmciPjwvc3ZnPg==\" class=\"lazyload\">. \u010culi smo originalni ulomak na danskom jeziku, razgovarali o posebnostima romana i razli\u010ditim pristupima mentalnomu zdravlju.<\/p>\n\n\n\n<p class=\"has-black-color has-text-color has-link-color wp-elements-19445f81f9dc38d0179a2cd5c8c1eb8a\">S obzirom na to da je ovaj projekt tek zapo\u010deo, veselimo se novim djelima i radionicama, a svima koji su do\u0161li do kraja ove objave, preporu\u010damo ovo fenomenalno djelo!<img decoding=\"async\" alt=\"\u2728\" data-src=\"https:\/\/fonts.gstatic.com\/s\/e\/notoemoji\/16.0\/2728\/32.png\" src=\"data:image\/svg+xml;base64,PHN2ZyB3aWR0aD0iMSIgaGVpZ2h0PSIxIiB4bWxucz0iaHR0cDovL3d3dy53My5vcmcvMjAwMC9zdmciPjwvc3ZnPg==\" class=\"lazyload\"><img decoding=\"async\" alt=\"\ud83d\udcda\" data-src=\"https:\/\/fonts.gstatic.com\/s\/e\/notoemoji\/16.0\/1f4da\/32.png\" src=\"data:image\/svg+xml;base64,PHN2ZyB3aWR0aD0iMSIgaGVpZ2h0PSIxIiB4bWxucz0iaHR0cDovL3d3dy53My5vcmcvMjAwMC9zdmciPjwvc3ZnPg==\" class=\"lazyload\"><\/p>\n\n\n\n<p class=\"has-black-color has-text-color has-link-color wp-elements-bf050304a0231b33fc4eb3abfc2fe83a\">Mara Markovanovi\u0107, 3. e<\/p>\n\n\n\n<figure class=\"wp-block-gallery has-nested-images columns-default is-cropped wp-block-gallery-1 is-layout-flex wp-block-gallery-is-layout-flex\">\n<figure class=\"wp-block-image size-large\"><img decoding=\"async\" width=\"1024\" height=\"768\" data-id=\"22131\" data-src=\"https:\/\/prva.hr\/wp-content\/uploads\/2025\/12\/EU_Henacom-3-1024x768.jpg\" alt=\"\" class=\"wp-image-22131 lazyload\" data-srcset=\"https:\/\/prva.hr\/wp-content\/uploads\/2025\/12\/EU_Henacom-3-980x735.jpg 980w, https:\/\/prva.hr\/wp-content\/uploads\/2025\/12\/EU_Henacom-3-480x360.jpg 480w\" data-sizes=\"(min-width: 0px) and (max-width: 480px) 480px, (min-width: 481px) and (max-width: 980px) 980px, (min-width: 981px) 1024px, 100vw\" src=\"data:image\/svg+xml;base64,PHN2ZyB3aWR0aD0iMSIgaGVpZ2h0PSIxIiB4bWxucz0iaHR0cDovL3d3dy53My5vcmcvMjAwMC9zdmciPjwvc3ZnPg==\" style=\"--smush-placeholder-width: 1024px; --smush-placeholder-aspect-ratio: 1024\/768;\" \/><\/figure>\n\n\n\n<figure class=\"wp-block-image size-large\"><img decoding=\"async\" width=\"1024\" height=\"768\" data-id=\"22128\" data-src=\"https:\/\/prva.hr\/wp-content\/uploads\/2025\/12\/EU_Henacom-2-1024x768.jpg\" alt=\"\" class=\"wp-image-22128 lazyload\" data-srcset=\"https:\/\/prva.hr\/wp-content\/uploads\/2025\/12\/EU_Henacom-2-980x735.jpg 980w, https:\/\/prva.hr\/wp-content\/uploads\/2025\/12\/EU_Henacom-2-480x360.jpg 480w\" data-sizes=\"(min-width: 0px) and (max-width: 480px) 480px, (min-width: 481px) and (max-width: 980px) 980px, (min-width: 981px) 1024px, 100vw\" src=\"data:image\/svg+xml;base64,PHN2ZyB3aWR0aD0iMSIgaGVpZ2h0PSIxIiB4bWxucz0iaHR0cDovL3d3dy53My5vcmcvMjAwMC9zdmciPjwvc3ZnPg==\" style=\"--smush-placeholder-width: 1024px; --smush-placeholder-aspect-ratio: 1024\/768;\" \/><\/figure>\n\n\n\n<figure class=\"wp-block-image size-large\"><img decoding=\"async\" width=\"1024\" height=\"768\" data-id=\"22130\" data-src=\"https:\/\/prva.hr\/wp-content\/uploads\/2025\/12\/EU_Henacom-4-1-1024x768.jpg\" alt=\"\" class=\"wp-image-22130 lazyload\" data-srcset=\"https:\/\/prva.hr\/wp-content\/uploads\/2025\/12\/EU_Henacom-4-1-980x735.jpg 980w, https:\/\/prva.hr\/wp-content\/uploads\/2025\/12\/EU_Henacom-4-1-480x360.jpg 480w\" data-sizes=\"(min-width: 0px) and (max-width: 480px) 480px, (min-width: 481px) and (max-width: 980px) 980px, (min-width: 981px) 1024px, 100vw\" src=\"data:image\/svg+xml;base64,PHN2ZyB3aWR0aD0iMSIgaGVpZ2h0PSIxIiB4bWxucz0iaHR0cDovL3d3dy53My5vcmcvMjAwMC9zdmciPjwvc3ZnPg==\" style=\"--smush-placeholder-width: 1024px; --smush-placeholder-aspect-ratio: 1024\/768;\" \/><\/figure>\n\n\n\n<figure class=\"wp-block-image size-large\"><img decoding=\"async\" width=\"1024\" height=\"768\" data-id=\"22132\" data-src=\"https:\/\/prva.hr\/wp-content\/uploads\/2025\/12\/EU_Henacom-1-1024x768.jpg\" alt=\"\" class=\"wp-image-22132 lazyload\" data-srcset=\"https:\/\/prva.hr\/wp-content\/uploads\/2025\/12\/EU_Henacom-1-980x735.jpg 980w, https:\/\/prva.hr\/wp-content\/uploads\/2025\/12\/EU_Henacom-1-480x360.jpg 480w\" data-sizes=\"(min-width: 0px) and (max-width: 480px) 480px, (min-width: 481px) and (max-width: 980px) 980px, (min-width: 981px) 1024px, 100vw\" src=\"data:image\/svg+xml;base64,PHN2ZyB3aWR0aD0iMSIgaGVpZ2h0PSIxIiB4bWxucz0iaHR0cDovL3d3dy53My5vcmcvMjAwMC9zdmciPjwvc3ZnPg==\" style=\"--smush-placeholder-width: 1024px; --smush-placeholder-aspect-ratio: 1024\/768;\" \/><\/figure>\n<\/figure>\n\n\n\n<figure class=\"wp-block-gallery has-nested-images columns-default is-cropped wp-block-gallery-2 is-layout-flex wp-block-gallery-is-layout-flex\"><\/figure>\n","protected":false},"excerpt":{"rendered":"<p>U petak, 28. studenoga, na inicijativu prof. Sikavica Joler i knji\u017eni\u010darke prof. Barbutov Krsteve, odr\u017eana je jo\u0161 jedna 3bina, ovoga puta kao knji\u017eevna radionica u sklopu EU projekta &#8220;Generacije u pokretu &#8211; \u017eene i mladi u europskoj knji\u017eevnosti&#8220;. Umjesto kvantnih pomaka elektrona istra\u017eivali smo roman&nbsp;Kvantni skok&nbsp;danske autorice Lise Villadsen \u2014 suvremeno djelo o dvjema sestrama [&hellip;]<\/p>\n","protected":false},"author":9,"featured_media":22129,"comment_status":"closed","ping_status":"closed","sticky":false,"template":"","format":"standard","meta":{"_et_pb_use_builder":"","_et_pb_old_content":"","_et_gb_content_width":"","footnotes":""},"categories":[5,71,6,4],"tags":[136,128],"class_list":["post-22125","post","type-post","status-publish","format-standard","has-post-thumbnail","hentry","category-aktivnosti","category-aktivnosti-knjiznica","category-aktualna-dogadanja","category-najnovije-vijesti","tag-kulturna-djelatnost-knjiznice","tag-mjesec-hrvatske-knjige"],"_links":{"self":[{"href":"https:\/\/prva.hr\/index.php\/wp-json\/wp\/v2\/posts\/22125","targetHints":{"allow":["GET"]}}],"collection":[{"href":"https:\/\/prva.hr\/index.php\/wp-json\/wp\/v2\/posts"}],"about":[{"href":"https:\/\/prva.hr\/index.php\/wp-json\/wp\/v2\/types\/post"}],"author":[{"embeddable":true,"href":"https:\/\/prva.hr\/index.php\/wp-json\/wp\/v2\/users\/9"}],"replies":[{"embeddable":true,"href":"https:\/\/prva.hr\/index.php\/wp-json\/wp\/v2\/comments?post=22125"}],"version-history":[{"count":2,"href":"https:\/\/prva.hr\/index.php\/wp-json\/wp\/v2\/posts\/22125\/revisions"}],"predecessor-version":[{"id":22134,"href":"https:\/\/prva.hr\/index.php\/wp-json\/wp\/v2\/posts\/22125\/revisions\/22134"}],"wp:featuredmedia":[{"embeddable":true,"href":"https:\/\/prva.hr\/index.php\/wp-json\/wp\/v2\/media\/22129"}],"wp:attachment":[{"href":"https:\/\/prva.hr\/index.php\/wp-json\/wp\/v2\/media?parent=22125"}],"wp:term":[{"taxonomy":"category","embeddable":true,"href":"https:\/\/prva.hr\/index.php\/wp-json\/wp\/v2\/categories?post=22125"},{"taxonomy":"post_tag","embeddable":true,"href":"https:\/\/prva.hr\/index.php\/wp-json\/wp\/v2\/tags?post=22125"}],"curies":[{"name":"wp","href":"https:\/\/api.w.org\/{rel}","templated":true}]}}