{"id":22136,"date":"2025-12-02T10:17:43","date_gmt":"2025-12-02T09:17:43","guid":{"rendered":"https:\/\/prva.hr\/?p=22136"},"modified":"2025-12-02T10:19:49","modified_gmt":"2025-12-02T09:19:49","slug":"odrzano-strucno-predavanje-o-darovitosti-kod-ucenika","status":"publish","type":"post","link":"https:\/\/prva.hr\/index.php\/2025\/12\/02\/odrzano-strucno-predavanje-o-darovitosti-kod-ucenika\/","title":{"rendered":"Odr\u017eano stru\u010dno predavanje o darovitosti kod u\u010denika"},"content":{"rendered":"\n<p>U ponedjeljak <strong>1.12.2025.<\/strong> u sklopu programa aktivnosti za poticanje darovitosti kod u\u010denika, prof. psihologije i specijalistica klini\u010dke psihologije <strong>Tanja Sever<\/strong> odr\u017eala je stru\u010dno predavanje za nastavni\u010dko vije\u0107e I. gimnazije o <strong>darovitosti kod u\u010denika<\/strong>.<\/p>\n\n\n\n<p>Naglasak u predavanju stavljen je na socijalne i emocijalne karakteristike darovitih u\u010denika,  perfekcionizam, specifi\u010dnosti senzorne integracije kod darovitih te va\u017enost diferencijalne dijagnostike.<\/p>\n\n\n\n<p><\/p>\n\n\n\n<figure class=\"wp-block-image size-large is-resized\"><img decoding=\"async\" width=\"1024\" height=\"637\" data-src=\"https:\/\/prva.hr\/wp-content\/uploads\/2025\/12\/IMG-20251202-WA0005-1024x637.jpg\" alt=\"\" class=\"wp-image-22137 lazyload\" style=\"--smush-placeholder-width: 1024px; --smush-placeholder-aspect-ratio: 1024\/637;width:665px;height:auto\" data-srcset=\"https:\/\/prva.hr\/wp-content\/uploads\/2025\/12\/IMG-20251202-WA0005-980x610.jpg 980w, https:\/\/prva.hr\/wp-content\/uploads\/2025\/12\/IMG-20251202-WA0005-480x299.jpg 480w\" data-sizes=\"(min-width: 0px) and (max-width: 480px) 480px, (min-width: 481px) and (max-width: 980px) 980px, (min-width: 981px) 1024px, 100vw\" src=\"data:image\/svg+xml;base64,PHN2ZyB3aWR0aD0iMSIgaGVpZ2h0PSIxIiB4bWxucz0iaHR0cDovL3d3dy53My5vcmcvMjAwMC9zdmciPjwvc3ZnPg==\" \/><\/figure>\n","protected":false},"excerpt":{"rendered":"<p>U ponedjeljak 1.12.2025. u sklopu programa aktivnosti za poticanje darovitosti kod u\u010denika, prof. psihologije i specijalistica klini\u010dke psihologije Tanja Sever odr\u017eala je stru\u010dno predavanje za nastavni\u010dko vije\u0107e I. gimnazije o darovitosti kod u\u010denika. Naglasak u predavanju stavljen je na socijalne i emocijalne karakteristike darovitih u\u010denika, perfekcionizam, specifi\u010dnosti senzorne integracije kod darovitih te va\u017enost diferencijalne dijagnostike.<\/p>\n","protected":false},"author":6,"featured_media":22138,"comment_status":"closed","ping_status":"closed","sticky":false,"template":"","format":"standard","meta":{"_et_pb_use_builder":"","_et_pb_old_content":"","_et_gb_content_width":"","footnotes":""},"categories":[5,65,6,4],"tags":[],"class_list":["post-22136","post","type-post","status-publish","format-standard","has-post-thumbnail","hentry","category-aktivnosti","category-aktivnosti-projekti-promicanje-izvrsnosti","category-aktualna-dogadanja","category-najnovije-vijesti"],"_links":{"self":[{"href":"https:\/\/prva.hr\/index.php\/wp-json\/wp\/v2\/posts\/22136","targetHints":{"allow":["GET"]}}],"collection":[{"href":"https:\/\/prva.hr\/index.php\/wp-json\/wp\/v2\/posts"}],"about":[{"href":"https:\/\/prva.hr\/index.php\/wp-json\/wp\/v2\/types\/post"}],"author":[{"embeddable":true,"href":"https:\/\/prva.hr\/index.php\/wp-json\/wp\/v2\/users\/6"}],"replies":[{"embeddable":true,"href":"https:\/\/prva.hr\/index.php\/wp-json\/wp\/v2\/comments?post=22136"}],"version-history":[{"count":1,"href":"https:\/\/prva.hr\/index.php\/wp-json\/wp\/v2\/posts\/22136\/revisions"}],"predecessor-version":[{"id":22139,"href":"https:\/\/prva.hr\/index.php\/wp-json\/wp\/v2\/posts\/22136\/revisions\/22139"}],"wp:featuredmedia":[{"embeddable":true,"href":"https:\/\/prva.hr\/index.php\/wp-json\/wp\/v2\/media\/22138"}],"wp:attachment":[{"href":"https:\/\/prva.hr\/index.php\/wp-json\/wp\/v2\/media?parent=22136"}],"wp:term":[{"taxonomy":"category","embeddable":true,"href":"https:\/\/prva.hr\/index.php\/wp-json\/wp\/v2\/categories?post=22136"},{"taxonomy":"post_tag","embeddable":true,"href":"https:\/\/prva.hr\/index.php\/wp-json\/wp\/v2\/tags?post=22136"}],"curies":[{"name":"wp","href":"https:\/\/api.w.org\/{rel}","templated":true}]}}