{"id":22301,"date":"2025-12-08T14:50:30","date_gmt":"2025-12-08T13:50:30","guid":{"rendered":"https:\/\/prva.hr\/?p=22301"},"modified":"2025-12-08T14:50:33","modified_gmt":"2025-12-08T13:50:33","slug":"kulturoloske-jezicne-i-pedagoske-pripreme-ucenika-za-projekt-bez-fizike-nema-glazbe","status":"publish","type":"post","link":"https:\/\/prva.hr\/index.php\/2025\/12\/08\/kulturoloske-jezicne-i-pedagoske-pripreme-ucenika-za-projekt-bez-fizike-nema-glazbe\/","title":{"rendered":"Kulturolo\u0161ke, jezi\u010dne i pedago\u0161ke pripreme u\u010denika za projekt \u201eBez fizike nema glazbe&#8221;"},"content":{"rendered":"\n<p>Prije odlaska na grupnu mobilnost u\u010denika u \u0160panjolsku, u grad Valenciju, uspje\u0161no su dovr\u0161ene sve pripremne aktivnosti u sklopu Erasmus+ projekta \u201eBez fizike nema glazbe\u201c.<\/p>\n\n\n\n<p>Nastavnica geografije Goranka Markovi\u0107 predstavila je geografske, gospodarske i kulturne zna\u010dajke \u0160panjolske te posebnosti grada Valencije. U\u010denici su se upoznali s regijom u kojoj \u0107e se projekt provoditi, njezinim prirodnim i urbanim obilje\u017ejima, prometnom povezano\u0161\u0107u te kulturnim znamenitostima koje \u0107e posjetiti. Time su stekli bolji uvid u prostorni kontekst projekta i svakodnevni \u017eivot lokalnog stanovni\u0161tva.<\/p>\n\n\n\n<p>S nastavnicom engleskoga i \u0161panjolskoga jezika, Mihaelom Mordu\u0161, u\u010denici su radili na izra\u017eavanju mi\u0161ljenja, argumentaciji i interkulturalnoj komunikaciji. Uvje\u017ebavali su specifi\u010dne izraze povezane s temom projekta te ponovili osnovne fraze potrebne za snala\u017eenje u svakodnevnim situacijama \u2013 pozdravljanje, predstavljanje, orijentaciju u gradu i naru\u010divanje hrane na \u0161panjolskom jeziku. Jezi\u010dne radionice bile su usmjerene na komunikaciju, kulturu opho\u0111enja i snala\u017eenje u me\u0111unarodnom okru\u017eenju.<\/p>\n\n\n\n<p>Pedagoginja Jelena Naran\u010di\u0107 zaklju\u010dila je pripreme pedago\u0161kim dijelom usmjerenim na organizaciju slobodnog vremena, po\u0161tivanje pravila pona\u0161anja u domu doma\u0107ina, planirane i dogovorene aktivnosti te u\u010dinkovitu komunikaciju s nastavnicima i vr\u0161njacima.<\/p>\n\n\n\n<p>Zajedno, ove su pripreme u\u010denicima omogu\u0107ile dublje razumijevanje teme projekta, razvile njihove jezi\u010dne i interkulturalne kompetencije te ih osna\u017eile za aktivno i samouvjereno sudjelovanje u projektu \u201eBez fizike nema glazbe\u201c.<\/p>\n\n\n\n<figure class=\"wp-block-gallery has-nested-images columns-default is-cropped wp-block-gallery-1 is-layout-flex wp-block-gallery-is-layout-flex\">\n<figure class=\"wp-block-image size-large\"><img decoding=\"async\" width=\"1024\" height=\"768\" data-id=\"22302\" data-src=\"https:\/\/prva.hr\/wp-content\/uploads\/2025\/12\/20251125_090148-1024x768.jpg\" alt=\"\" class=\"wp-image-22302 lazyload\" data-srcset=\"https:\/\/prva.hr\/wp-content\/uploads\/2025\/12\/20251125_090148-980x735.jpg 980w, https:\/\/prva.hr\/wp-content\/uploads\/2025\/12\/20251125_090148-480x360.jpg 480w\" data-sizes=\"(min-width: 0px) and (max-width: 480px) 480px, (min-width: 481px) and (max-width: 980px) 980px, (min-width: 981px) 1024px, 100vw\" src=\"data:image\/svg+xml;base64,PHN2ZyB3aWR0aD0iMSIgaGVpZ2h0PSIxIiB4bWxucz0iaHR0cDovL3d3dy53My5vcmcvMjAwMC9zdmciPjwvc3ZnPg==\" style=\"--smush-placeholder-width: 1024px; --smush-placeholder-aspect-ratio: 1024\/768;\" \/><\/figure>\n\n\n\n<figure class=\"wp-block-image size-large\"><img decoding=\"async\" width=\"1024\" height=\"768\" data-id=\"22304\" data-src=\"https:\/\/prva.hr\/wp-content\/uploads\/2025\/12\/20251125_090151-1024x768.jpg\" alt=\"\" class=\"wp-image-22304 lazyload\" data-srcset=\"https:\/\/prva.hr\/wp-content\/uploads\/2025\/12\/20251125_090151-980x735.jpg 980w, https:\/\/prva.hr\/wp-content\/uploads\/2025\/12\/20251125_090151-480x360.jpg 480w\" data-sizes=\"(min-width: 0px) and (max-width: 480px) 480px, (min-width: 481px) and (max-width: 980px) 980px, (min-width: 981px) 1024px, 100vw\" src=\"data:image\/svg+xml;base64,PHN2ZyB3aWR0aD0iMSIgaGVpZ2h0PSIxIiB4bWxucz0iaHR0cDovL3d3dy53My5vcmcvMjAwMC9zdmciPjwvc3ZnPg==\" style=\"--smush-placeholder-width: 1024px; --smush-placeholder-aspect-ratio: 1024\/768;\" \/><\/figure>\n\n\n\n<figure class=\"wp-block-image size-large\"><img decoding=\"async\" width=\"1024\" height=\"768\" data-id=\"22303\" data-src=\"https:\/\/prva.hr\/wp-content\/uploads\/2025\/12\/20251127_090632-1024x768.jpg\" alt=\"\" class=\"wp-image-22303 lazyload\" data-srcset=\"https:\/\/prva.hr\/wp-content\/uploads\/2025\/12\/20251127_090632-980x735.jpg 980w, https:\/\/prva.hr\/wp-content\/uploads\/2025\/12\/20251127_090632-480x360.jpg 480w\" data-sizes=\"(min-width: 0px) and (max-width: 480px) 480px, (min-width: 481px) and (max-width: 980px) 980px, (min-width: 981px) 1024px, 100vw\" src=\"data:image\/svg+xml;base64,PHN2ZyB3aWR0aD0iMSIgaGVpZ2h0PSIxIiB4bWxucz0iaHR0cDovL3d3dy53My5vcmcvMjAwMC9zdmciPjwvc3ZnPg==\" style=\"--smush-placeholder-width: 1024px; --smush-placeholder-aspect-ratio: 1024\/768;\" \/><\/figure>\n\n\n\n<figure class=\"wp-block-image size-large\"><img decoding=\"async\" width=\"1024\" height=\"768\" data-id=\"22305\" data-src=\"https:\/\/prva.hr\/wp-content\/uploads\/2025\/12\/20251127_091357-1024x768.jpg\" alt=\"\" class=\"wp-image-22305 lazyload\" data-srcset=\"https:\/\/prva.hr\/wp-content\/uploads\/2025\/12\/20251127_091357-980x735.jpg 980w, https:\/\/prva.hr\/wp-content\/uploads\/2025\/12\/20251127_091357-480x360.jpg 480w\" data-sizes=\"(min-width: 0px) and (max-width: 480px) 480px, (min-width: 481px) and (max-width: 980px) 980px, (min-width: 981px) 1024px, 100vw\" src=\"data:image\/svg+xml;base64,PHN2ZyB3aWR0aD0iMSIgaGVpZ2h0PSIxIiB4bWxucz0iaHR0cDovL3d3dy53My5vcmcvMjAwMC9zdmciPjwvc3ZnPg==\" style=\"--smush-placeholder-width: 1024px; --smush-placeholder-aspect-ratio: 1024\/768;\" \/><\/figure>\n<\/figure>\n","protected":false},"excerpt":{"rendered":"<p>Prije odlaska na grupnu mobilnost u\u010denika u \u0160panjolsku, u grad Valenciju, uspje\u0161no su dovr\u0161ene sve pripremne aktivnosti u sklopu Erasmus+ projekta \u201eBez fizike nema glazbe\u201c. Nastavnica geografije Goranka Markovi\u0107 predstavila je geografske, gospodarske i kulturne zna\u010dajke \u0160panjolske te posebnosti grada Valencije. U\u010denici su se upoznali s regijom u kojoj \u0107e se projekt provoditi, njezinim prirodnim [&hellip;]<\/p>\n","protected":false},"author":11,"featured_media":0,"comment_status":"closed","ping_status":"closed","sticky":false,"template":"","format":"standard","meta":{"_et_pb_use_builder":"","_et_pb_old_content":"","_et_gb_content_width":"","footnotes":""},"categories":[148],"tags":[],"class_list":["post-22301","post","type-post","status-publish","format-standard","hentry","category-erasmus-aktivnosti"],"_links":{"self":[{"href":"https:\/\/prva.hr\/index.php\/wp-json\/wp\/v2\/posts\/22301","targetHints":{"allow":["GET"]}}],"collection":[{"href":"https:\/\/prva.hr\/index.php\/wp-json\/wp\/v2\/posts"}],"about":[{"href":"https:\/\/prva.hr\/index.php\/wp-json\/wp\/v2\/types\/post"}],"author":[{"embeddable":true,"href":"https:\/\/prva.hr\/index.php\/wp-json\/wp\/v2\/users\/11"}],"replies":[{"embeddable":true,"href":"https:\/\/prva.hr\/index.php\/wp-json\/wp\/v2\/comments?post=22301"}],"version-history":[{"count":1,"href":"https:\/\/prva.hr\/index.php\/wp-json\/wp\/v2\/posts\/22301\/revisions"}],"predecessor-version":[{"id":22306,"href":"https:\/\/prva.hr\/index.php\/wp-json\/wp\/v2\/posts\/22301\/revisions\/22306"}],"wp:attachment":[{"href":"https:\/\/prva.hr\/index.php\/wp-json\/wp\/v2\/media?parent=22301"}],"wp:term":[{"taxonomy":"category","embeddable":true,"href":"https:\/\/prva.hr\/index.php\/wp-json\/wp\/v2\/categories?post=22301"},{"taxonomy":"post_tag","embeddable":true,"href":"https:\/\/prva.hr\/index.php\/wp-json\/wp\/v2\/tags?post=22301"}],"curies":[{"name":"wp","href":"https:\/\/api.w.org\/{rel}","templated":true}]}}