{"id":2233,"date":"2017-11-28T14:22:37","date_gmt":"2017-11-28T13:22:37","guid":{"rendered":"http:\/\/www.prva.hr\/?p=2233"},"modified":"2017-11-28T14:22:38","modified_gmt":"2017-11-28T13:22:38","slug":"otvoreni-dan-kemije","status":"publish","type":"post","link":"https:\/\/prva.hr\/index.php\/2017\/11\/28\/otvoreni-dan-kemije\/","title":{"rendered":"Otvoreni dan kemije"},"content":{"rendered":"<p>Otvoreni dan kemije, znanstveno-popularna manifestacija, odr\u017eat \u0107e se 13. travnja 2018.<br \/>\nna Kemijskom odsjeku PMF-a, Horvatovac 102a, Zagreb.<\/p>\n<p>Otvoreni dan kemije ima novu internetsku stranicu koju mo\u017eete prona\u0107i na poveznici:<\/p>\n<p><a href=\"http:\/\/otvoreni_dan.chem.pmf.unizg.hr\/\" target=\"_blank\" rel=\"noopener noreferrer\" data-saferedirecturl=\"https:\/\/www.google.com\/url?hl=hr&amp;q=http:\/\/otvoreni_dan.chem.pmf.unizg.hr\/&amp;source=gmail&amp;ust=1511961078914000&amp;usg=AFQjCNF7eVRPlR9KOgd3TVkfi9T0mUwkrw\">http:\/\/otvoreni_dan.chem.pmf.<wbr \/>unizg.hr\/<\/a><\/p>\n<p>Ovu manifestaciju mo\u017eete pratiti i na dru\u0161tvenim mre\u017eama:<\/p>\n<p>Instagram &#8211; otvorenidankemije<br \/>\nTwitter &#8211; @dankemije<br \/>\nFacebook &#8211; @dankemije<\/p>\n<p>Za sve dodatne informacije kontaktirajte na e-mail adresu:<\/p>\n<p><a href=\"mailto:otvoreni_dan@chem.pmf.hr\">otvoreni_dan@chem.pmf.hr<\/a><\/p>\n","protected":false},"excerpt":{"rendered":"<p>Otvoreni dan kemije, znanstveno-popularna manifestacija, odr\u017eat \u0107e se 13. travnja 2018. na Kemijskom odsjeku PMF-a, Horvatovac 102a, Zagreb. Otvoreni dan kemije ima novu internetsku stranicu koju mo\u017eete prona\u0107i na poveznici: http:\/\/otvoreni_dan.chem.pmf.unizg.hr\/ Ovu manifestaciju mo\u017eete pratiti i na dru\u0161tvenim mre\u017eama: Instagram &#8211; otvorenidankemije Twitter &#8211; @dankemije Facebook &#8211; @dankemije Za sve dodatne informacije kontaktirajte na e-mail [&hellip;]<\/p>\n","protected":false},"author":4,"featured_media":0,"comment_status":"closed","ping_status":"closed","sticky":false,"template":"","format":"standard","meta":{"_et_pb_use_builder":"","_et_pb_old_content":"","_et_gb_content_width":"","footnotes":""},"categories":[14],"tags":[],"class_list":["post-2233","post","type-post","status-publish","format-standard","hentry","category-dogadanja-izvan-skole"],"_links":{"self":[{"href":"https:\/\/prva.hr\/index.php\/wp-json\/wp\/v2\/posts\/2233","targetHints":{"allow":["GET"]}}],"collection":[{"href":"https:\/\/prva.hr\/index.php\/wp-json\/wp\/v2\/posts"}],"about":[{"href":"https:\/\/prva.hr\/index.php\/wp-json\/wp\/v2\/types\/post"}],"author":[{"embeddable":true,"href":"https:\/\/prva.hr\/index.php\/wp-json\/wp\/v2\/users\/4"}],"replies":[{"embeddable":true,"href":"https:\/\/prva.hr\/index.php\/wp-json\/wp\/v2\/comments?post=2233"}],"version-history":[{"count":1,"href":"https:\/\/prva.hr\/index.php\/wp-json\/wp\/v2\/posts\/2233\/revisions"}],"predecessor-version":[{"id":2234,"href":"https:\/\/prva.hr\/index.php\/wp-json\/wp\/v2\/posts\/2233\/revisions\/2234"}],"wp:attachment":[{"href":"https:\/\/prva.hr\/index.php\/wp-json\/wp\/v2\/media?parent=2233"}],"wp:term":[{"taxonomy":"category","embeddable":true,"href":"https:\/\/prva.hr\/index.php\/wp-json\/wp\/v2\/categories?post=2233"},{"taxonomy":"post_tag","embeddable":true,"href":"https:\/\/prva.hr\/index.php\/wp-json\/wp\/v2\/tags?post=2233"}],"curies":[{"name":"wp","href":"https:\/\/api.w.org\/{rel}","templated":true}]}}