{"id":22468,"date":"2025-12-16T10:20:22","date_gmt":"2025-12-16T09:20:22","guid":{"rendered":"https:\/\/prva.hr\/?p=22468"},"modified":"2025-12-16T13:23:04","modified_gmt":"2025-12-16T12:23:04","slug":"erasmus-projekt-bez-fizike-nema-glazbe","status":"publish","type":"post","link":"https:\/\/prva.hr\/index.php\/2025\/12\/16\/erasmus-projekt-bez-fizike-nema-glazbe\/","title":{"rendered":"Erasmus+ projekt &#8220;Bez fizike nema glazbe&#8221;"},"content":{"rendered":"\n<p>U sklopu Erasmus+ projekta&nbsp;<strong>\u201eBez fizike nema glazbe \/ Physics behind Music\u201d<\/strong>&nbsp;deset u\u010denika na\u0161e \u0161kole, u pratnji profesorica Martine Bra\u010di\u0107 i Kristine Vladu\u0161i\u0107, sudjelovalo je u mobilnosti koja se odr\u017eala od 7. do 12. prosinca 2025. godine u \u0161panjolskom gradu Valenciji. Tijekom \u0161est dana sudionici su se uvjerili da Valenciju s razlogom nazivaju gradom znanosti i umjetnosti. U\u010denici Marko Banovi\u0107 (1. b), Davor Soka\u010d (2. b), Ivor Teli\u0161man (1. c), Roko Sokoli\u0107 (2. b), Karla Hrvoi\u0107 (1. e), Ana \u0160ijan (1. d), Ema \u0160imek (1. c), Marta Rogini\u0107 (2. e), Marija Beki\u0107 (2. e) i Diva Jelena Ivani (1. c) sa svojim su vr\u0161njacima iz \u0161kole IES Federica Montseny sudjelovali u radionicama u kojima su istra\u017eivali zakonitosti zvuka i vibracija te njihovu primjenu u glazbi. Radionice su bile organizirane u mje\u0161ovitim skupinama s u\u010denicima iz \u0160panjolske, \u010dime se poticala razmjena ideja i iskustava te ja\u010danje jezi\u010dnih kompetencija. U\u010denici su tako\u0111er prisustvovali redovnoj nastavi \u0161kole doma\u0107ina, upoznali se s nastavnim metodama i obrazovnim sustavom u \u0160panjolskoj. Jedna od aktivnosti provedena je u&nbsp;Bioparku, gdje su sudjelovali u radionici sviranja afri\u010dkih bubnjeva. Posebno odu\u0161evljenje izazvala je izlo\u017eba&nbsp;<strong>\u201eM\u00fasica y Matem\u00e1ticas\u201d<\/strong>&nbsp;u veli\u010danstvenom CaixaForumu, koja je prikazala mogu\u0107nosti interdisciplinarnog u\u010denja i kriti\u010dkog razmi\u0161ljanja te na\u010din na koji se glazba, fizika i matematika povezuju kroz znanstvene, povijesne i prakti\u010dne perspektive. Pretposljednjeg dana posjeta u\u010denici su boravili u&nbsp;<strong>Palau de la M\u00fasica<\/strong>, gdje su prisustvovali izvedbi oratorija&nbsp;<em>Mesija<\/em>&nbsp;Georga Friedricha H\u00e4ndela. Uz Orquestra de Val\u00e8ncia i Coral&nbsp;Catedral\u00edcia&nbsp;de Val\u00e8ncia nastupilo je i nekoliko zborova, pa je u izvedbi uz \u010detiri solista&nbsp; sudjelovalo ukupno 277 pjeva\u010da pod ravnanjem dirigenta Aarona Zapica. Kulturnu i povijesnu ba\u0161tinu predivne Valencije u\u010denici su upoznali uz vodstvo svojih kolega. Sve provedene aktivnosti dokumentirane su i objavljene na platformi eTwinning kako bi se omogu\u0107ilo dijeljenje primjera dobre prakse, vidljivost projekta te diseminacija rezultata me\u0111u partnerskim \u0161kolama i \u0161irom obrazovnom zajednicom.<\/p>\n\n\n\n<p>\u00a0Posebna zahvala upu\u0107uje se \u0161panjolskoj koordinatorici Carmen Llopis, profesoricama \u0161kole IES Federica Montseny, u\u010denicima doma\u0107inima i njihovim roditeljima koji su s puno pa\u017enje, topline i srda\u010dnosti ugostili na\u0161e u\u010denike. Veselimo se uzvratnom posjetu i nastavku suradnje u projektu \u201eBez fizike nema glazbe\u201c u o\u017eujku 2026. godine. <\/p>\n\n\n\n<p class=\"has-text-align-right\">Martina Bra\u010di\u0107 i Kristina Vladu\u0161i\u0107<\/p>\n\n\n\n<figure class=\"wp-block-gallery has-nested-images columns-default is-cropped wp-block-gallery-1 is-layout-flex wp-block-gallery-is-layout-flex\">\n<figure class=\"wp-block-image size-large\"><img decoding=\"async\" width=\"1024\" height=\"1024\" data-id=\"22464\" data-src=\"https:\/\/prva.hr\/wp-content\/uploads\/2025\/12\/1000092274-1024x1024.jpg\" alt=\"\" class=\"wp-image-22464 lazyload\" data-srcset=\"https:\/\/prva.hr\/wp-content\/uploads\/2025\/12\/1000092274-980x980.jpg 980w, https:\/\/prva.hr\/wp-content\/uploads\/2025\/12\/1000092274-480x480.jpg 480w\" data-sizes=\"(min-width: 0px) and (max-width: 480px) 480px, (min-width: 481px) and (max-width: 980px) 980px, (min-width: 981px) 1024px, 100vw\" src=\"data:image\/svg+xml;base64,PHN2ZyB3aWR0aD0iMSIgaGVpZ2h0PSIxIiB4bWxucz0iaHR0cDovL3d3dy53My5vcmcvMjAwMC9zdmciPjwvc3ZnPg==\" style=\"--smush-placeholder-width: 1024px; --smush-placeholder-aspect-ratio: 1024\/1024;\" \/><\/figure>\n\n\n\n<figure class=\"wp-block-image size-large\"><img decoding=\"async\" width=\"1024\" height=\"1024\" data-id=\"22463\" data-src=\"https:\/\/prva.hr\/wp-content\/uploads\/2025\/12\/1000092281-1024x1024.jpg\" alt=\"\" class=\"wp-image-22463 lazyload\" data-srcset=\"https:\/\/prva.hr\/wp-content\/uploads\/2025\/12\/1000092281-980x980.jpg 980w, https:\/\/prva.hr\/wp-content\/uploads\/2025\/12\/1000092281-480x480.jpg 480w\" data-sizes=\"(min-width: 0px) and (max-width: 480px) 480px, (min-width: 481px) and (max-width: 980px) 980px, (min-width: 981px) 1024px, 100vw\" src=\"data:image\/svg+xml;base64,PHN2ZyB3aWR0aD0iMSIgaGVpZ2h0PSIxIiB4bWxucz0iaHR0cDovL3d3dy53My5vcmcvMjAwMC9zdmciPjwvc3ZnPg==\" style=\"--smush-placeholder-width: 1024px; --smush-placeholder-aspect-ratio: 1024\/1024;\" \/><\/figure>\n\n\n\n<figure class=\"wp-block-image size-large\"><img decoding=\"async\" width=\"1024\" height=\"1024\" data-id=\"22457\" data-src=\"https:\/\/prva.hr\/wp-content\/uploads\/2025\/12\/1000092270-1024x1024.jpg\" alt=\"\" class=\"wp-image-22457 lazyload\" data-srcset=\"https:\/\/prva.hr\/wp-content\/uploads\/2025\/12\/1000092270-980x980.jpg 980w, https:\/\/prva.hr\/wp-content\/uploads\/2025\/12\/1000092270-480x480.jpg 480w\" data-sizes=\"(min-width: 0px) and (max-width: 480px) 480px, (min-width: 481px) and (max-width: 980px) 980px, (min-width: 981px) 1024px, 100vw\" src=\"data:image\/svg+xml;base64,PHN2ZyB3aWR0aD0iMSIgaGVpZ2h0PSIxIiB4bWxucz0iaHR0cDovL3d3dy53My5vcmcvMjAwMC9zdmciPjwvc3ZnPg==\" style=\"--smush-placeholder-width: 1024px; --smush-placeholder-aspect-ratio: 1024\/1024;\" \/><\/figure>\n\n\n\n<figure class=\"wp-block-image size-large\"><img decoding=\"async\" width=\"1024\" height=\"768\" data-id=\"22462\" data-src=\"https:\/\/prva.hr\/wp-content\/uploads\/2025\/12\/1000088491-1024x768.jpg\" alt=\"\" class=\"wp-image-22462 lazyload\" data-srcset=\"https:\/\/prva.hr\/wp-content\/uploads\/2025\/12\/1000088491-980x735.jpg 980w, https:\/\/prva.hr\/wp-content\/uploads\/2025\/12\/1000088491-480x360.jpg 480w\" data-sizes=\"(min-width: 0px) and (max-width: 480px) 480px, (min-width: 481px) and (max-width: 980px) 980px, (min-width: 981px) 1024px, 100vw\" src=\"data:image\/svg+xml;base64,PHN2ZyB3aWR0aD0iMSIgaGVpZ2h0PSIxIiB4bWxucz0iaHR0cDovL3d3dy53My5vcmcvMjAwMC9zdmciPjwvc3ZnPg==\" style=\"--smush-placeholder-width: 1024px; --smush-placeholder-aspect-ratio: 1024\/768;\" \/><\/figure>\n\n\n\n<figure class=\"wp-block-image size-large\"><img decoding=\"async\" width=\"768\" height=\"1024\" data-id=\"22461\" data-src=\"https:\/\/prva.hr\/wp-content\/uploads\/2025\/12\/1000088773-768x1024.jpg\" alt=\"\" class=\"wp-image-22461 lazyload\" src=\"data:image\/svg+xml;base64,PHN2ZyB3aWR0aD0iMSIgaGVpZ2h0PSIxIiB4bWxucz0iaHR0cDovL3d3dy53My5vcmcvMjAwMC9zdmciPjwvc3ZnPg==\" style=\"--smush-placeholder-width: 768px; --smush-placeholder-aspect-ratio: 768\/1024;\" \/><\/figure>\n\n\n\n<figure class=\"wp-block-image size-large\"><img decoding=\"async\" width=\"1024\" height=\"768\" data-id=\"22460\" data-src=\"https:\/\/prva.hr\/wp-content\/uploads\/2025\/12\/1000088475-1024x768.jpg\" alt=\"\" class=\"wp-image-22460 lazyload\" data-srcset=\"https:\/\/prva.hr\/wp-content\/uploads\/2025\/12\/1000088475-980x735.jpg 980w, https:\/\/prva.hr\/wp-content\/uploads\/2025\/12\/1000088475-480x360.jpg 480w\" data-sizes=\"(min-width: 0px) and (max-width: 480px) 480px, (min-width: 481px) and (max-width: 980px) 980px, (min-width: 981px) 1024px, 100vw\" src=\"data:image\/svg+xml;base64,PHN2ZyB3aWR0aD0iMSIgaGVpZ2h0PSIxIiB4bWxucz0iaHR0cDovL3d3dy53My5vcmcvMjAwMC9zdmciPjwvc3ZnPg==\" style=\"--smush-placeholder-width: 1024px; --smush-placeholder-aspect-ratio: 1024\/768;\" \/><\/figure>\n\n\n\n<figure class=\"wp-block-image size-large\"><img decoding=\"async\" width=\"768\" height=\"1024\" data-id=\"22459\" data-src=\"https:\/\/prva.hr\/wp-content\/uploads\/2025\/12\/1000088460-768x1024.jpg\" alt=\"\" class=\"wp-image-22459 lazyload\" src=\"data:image\/svg+xml;base64,PHN2ZyB3aWR0aD0iMSIgaGVpZ2h0PSIxIiB4bWxucz0iaHR0cDovL3d3dy53My5vcmcvMjAwMC9zdmciPjwvc3ZnPg==\" style=\"--smush-placeholder-width: 768px; --smush-placeholder-aspect-ratio: 768\/1024;\" \/><\/figure>\n\n\n\n<figure class=\"wp-block-image size-large\"><img decoding=\"async\" width=\"1024\" height=\"768\" data-id=\"22458\" data-src=\"https:\/\/prva.hr\/wp-content\/uploads\/2025\/12\/1000089364-1024x768.jpg\" alt=\"\" class=\"wp-image-22458 lazyload\" data-srcset=\"https:\/\/prva.hr\/wp-content\/uploads\/2025\/12\/1000089364-980x735.jpg 980w, https:\/\/prva.hr\/wp-content\/uploads\/2025\/12\/1000089364-480x360.jpg 480w\" data-sizes=\"(min-width: 0px) and (max-width: 480px) 480px, (min-width: 481px) and (max-width: 980px) 980px, (min-width: 981px) 1024px, 100vw\" src=\"data:image\/svg+xml;base64,PHN2ZyB3aWR0aD0iMSIgaGVpZ2h0PSIxIiB4bWxucz0iaHR0cDovL3d3dy53My5vcmcvMjAwMC9zdmciPjwvc3ZnPg==\" style=\"--smush-placeholder-width: 1024px; --smush-placeholder-aspect-ratio: 1024\/768;\" \/><\/figure>\n<\/figure>\n","protected":false},"excerpt":{"rendered":"<p>U sklopu Erasmus+ projekta&nbsp;\u201eBez fizike nema glazbe \/ Physics behind Music\u201d&nbsp;deset u\u010denika na\u0161e \u0161kole, u pratnji profesorica Martine Bra\u010di\u0107 i Kristine Vladu\u0161i\u0107, sudjelovalo je u mobilnosti koja se odr\u017eala od 7. do 12. prosinca 2025. godine u \u0161panjolskom gradu Valenciji. Tijekom \u0161est dana sudionici su se uvjerili da Valenciju s razlogom nazivaju gradom znanosti i [&hellip;]<\/p>\n","protected":false},"author":11,"featured_media":22461,"comment_status":"closed","ping_status":"closed","sticky":false,"template":"","format":"standard","meta":{"_et_pb_use_builder":"","_et_pb_old_content":"","_et_gb_content_width":"","footnotes":""},"categories":[149,4],"tags":[],"class_list":["post-22468","post","type-post","status-publish","format-standard","has-post-thumbnail","hentry","category-erasmus-osvrti","category-najnovije-vijesti"],"_links":{"self":[{"href":"https:\/\/prva.hr\/index.php\/wp-json\/wp\/v2\/posts\/22468","targetHints":{"allow":["GET"]}}],"collection":[{"href":"https:\/\/prva.hr\/index.php\/wp-json\/wp\/v2\/posts"}],"about":[{"href":"https:\/\/prva.hr\/index.php\/wp-json\/wp\/v2\/types\/post"}],"author":[{"embeddable":true,"href":"https:\/\/prva.hr\/index.php\/wp-json\/wp\/v2\/users\/11"}],"replies":[{"embeddable":true,"href":"https:\/\/prva.hr\/index.php\/wp-json\/wp\/v2\/comments?post=22468"}],"version-history":[{"count":4,"href":"https:\/\/prva.hr\/index.php\/wp-json\/wp\/v2\/posts\/22468\/revisions"}],"predecessor-version":[{"id":22473,"href":"https:\/\/prva.hr\/index.php\/wp-json\/wp\/v2\/posts\/22468\/revisions\/22473"}],"wp:featuredmedia":[{"embeddable":true,"href":"https:\/\/prva.hr\/index.php\/wp-json\/wp\/v2\/media\/22461"}],"wp:attachment":[{"href":"https:\/\/prva.hr\/index.php\/wp-json\/wp\/v2\/media?parent=22468"}],"wp:term":[{"taxonomy":"category","embeddable":true,"href":"https:\/\/prva.hr\/index.php\/wp-json\/wp\/v2\/categories?post=22468"},{"taxonomy":"post_tag","embeddable":true,"href":"https:\/\/prva.hr\/index.php\/wp-json\/wp\/v2\/tags?post=22468"}],"curies":[{"name":"wp","href":"https:\/\/api.w.org\/{rel}","templated":true}]}}