{"id":22492,"date":"2025-12-18T13:37:01","date_gmt":"2025-12-18T12:37:01","guid":{"rendered":"https:\/\/prva.hr\/?p=22492"},"modified":"2025-12-18T13:40:53","modified_gmt":"2025-12-18T12:40:53","slug":"fizika-u-gradovima-odlican-nastavak-suradnje-s-prvom-gimnazijom-maribor","status":"publish","type":"post","link":"https:\/\/prva.hr\/index.php\/2025\/12\/18\/fizika-u-gradovima-odlican-nastavak-suradnje-s-prvom-gimnazijom-maribor\/","title":{"rendered":"Fizika u gradovima &#8211; odli\u010dan nastavak suradnje s Prvom gimnazijom Maribor"},"content":{"rendered":"\n<p>Nakon na\u0161eg posjeta Sloveniji u listopadu do\u0161lo je vrijeme da i u\u010denici i profesori iz Prve gimnazije Maribor budu na\u0161i gosti. Iako je tema ovog projekta fizika nismo propustili ni da se malo pobli\u017ee upoznaju s na\u0161om \u0161kolom, a i gradskim adventom. Do\u010dek je bio u kinodvorani gdje smo poslu\u0161ali na\u0161a dva benda (polaznici Scenskog muziciranja) i prezentaciju o Hrvatskoj, Zagrebu i I. gimnaziji (polaznice Komunikacijskih i prezentacijskih vje\u0161tina), a potom su u u\u010dionicama fizike krenule dvije zanimljive radionice iz astrofizike koje su odr\u017eale vanjske predava\u010dice Marija Gale\u0161i\u010d\u00a0i Lana Ceraj.<\/p>\n\n\n\n<p>Nakon radionica na kojima su sudjelovali svi u\u010denici bio je predvi\u0111en posjet Campusu Rimac u Kerestincu. Visoka tehnologija i suvremeni uvjeti rada zainteresirali su i one koje ina\u010de ne interesiraju automobili. <\/p>\n\n\n\n<p>U ovom projektu sudjelovalo je 16 u\u010denika na\u0161e \u0161kole, a voditeljice su bile prof. Bra\u010di\u0107 i prof. Bo\u017ei\u010dkovi\u0107 Peri\u010di\u0107. <\/p>\n\n\n\n\n\n<div class=\"wp-block-file\"><a id=\"wp-block-file--media-ad62bb91-b500-49a7-b1be-8255e0f3dde5\" href=\"https:\/\/prva.hr\/wp-content\/uploads\/2025\/12\/1766061134702.jpg\">1766061134702<\/a><a href=\"https:\/\/prva.hr\/wp-content\/uploads\/2025\/12\/1766061134702.jpg\" class=\"wp-block-file__button wp-element-button\" download aria-describedby=\"wp-block-file--media-ad62bb91-b500-49a7-b1be-8255e0f3dde5\">Preuzmi<\/a><\/div>\n\n\n\n<figure class=\"wp-block-gallery has-nested-images columns-default is-cropped wp-block-gallery-1 is-layout-flex wp-block-gallery-is-layout-flex\"><\/figure>\n","protected":false},"excerpt":{"rendered":"<p>Nakon na\u0161eg posjeta Sloveniji u listopadu do\u0161lo je vrijeme da i u\u010denici i profesori iz Prve gimnazije Maribor budu na\u0161i gosti. Iako je tema ovog projekta fizika nismo propustili ni da se malo pobli\u017ee upoznaju s na\u0161om \u0161kolom, a i gradskim adventom. Do\u010dek je bio u kinodvorani gdje smo poslu\u0161ali na\u0161a dva benda (polaznici Scenskog [&hellip;]<\/p>\n","protected":false},"author":2,"featured_media":22493,"comment_status":"closed","ping_status":"closed","sticky":false,"template":"","format":"standard","meta":{"_et_pb_use_builder":"","_et_pb_old_content":"","_et_gb_content_width":"","footnotes":""},"categories":[4,8],"tags":[],"class_list":["post-22492","post","type-post","status-publish","format-standard","has-post-thumbnail","hentry","category-najnovije-vijesti","category-projekti"],"_links":{"self":[{"href":"https:\/\/prva.hr\/index.php\/wp-json\/wp\/v2\/posts\/22492","targetHints":{"allow":["GET"]}}],"collection":[{"href":"https:\/\/prva.hr\/index.php\/wp-json\/wp\/v2\/posts"}],"about":[{"href":"https:\/\/prva.hr\/index.php\/wp-json\/wp\/v2\/types\/post"}],"author":[{"embeddable":true,"href":"https:\/\/prva.hr\/index.php\/wp-json\/wp\/v2\/users\/2"}],"replies":[{"embeddable":true,"href":"https:\/\/prva.hr\/index.php\/wp-json\/wp\/v2\/comments?post=22492"}],"version-history":[{"count":1,"href":"https:\/\/prva.hr\/index.php\/wp-json\/wp\/v2\/posts\/22492\/revisions"}],"predecessor-version":[{"id":22494,"href":"https:\/\/prva.hr\/index.php\/wp-json\/wp\/v2\/posts\/22492\/revisions\/22494"}],"wp:featuredmedia":[{"embeddable":true,"href":"https:\/\/prva.hr\/index.php\/wp-json\/wp\/v2\/media\/22493"}],"wp:attachment":[{"href":"https:\/\/prva.hr\/index.php\/wp-json\/wp\/v2\/media?parent=22492"}],"wp:term":[{"taxonomy":"category","embeddable":true,"href":"https:\/\/prva.hr\/index.php\/wp-json\/wp\/v2\/categories?post=22492"},{"taxonomy":"post_tag","embeddable":true,"href":"https:\/\/prva.hr\/index.php\/wp-json\/wp\/v2\/tags?post=22492"}],"curies":[{"name":"wp","href":"https:\/\/api.w.org\/{rel}","templated":true}]}}