{"id":22523,"date":"2025-12-19T08:28:27","date_gmt":"2025-12-19T07:28:27","guid":{"rendered":"https:\/\/prva.hr\/?p=22523"},"modified":"2025-12-19T08:30:36","modified_gmt":"2025-12-19T07:30:36","slug":"muzicki-buvljak-u-prvoj","status":"publish","type":"post","link":"https:\/\/prva.hr\/index.php\/2025\/12\/19\/muzicki-buvljak-u-prvoj\/","title":{"rendered":"MUZI\u010cKI BUVLJAK U PRVOJ"},"content":{"rendered":"\n<p>Ve\u0107 je poznato da bo\u017ei\u0107nih doga\u0111anja u Prvoj ne manjka,&nbsp;no&nbsp;ove je godine, u organizaciji prof. Sikavica&nbsp;Joler i prof. Vladu\u0161i\u0107, dodan jo\u0161 jedan u nizu&nbsp;&#8211;&nbsp;Muzi\u010dki&nbsp;buvljak gramofonskih plo\u010da i CD-a! Ponuda je bila&nbsp;zaista&nbsp;\u0161arena&nbsp;&#8211;&nbsp;od stranih pop i rock izvo\u0111a\u010da do doma\u0107ega&nbsp;novog vala&nbsp;80-ih&nbsp;te na kraju i klasi\u010dnih izvo\u0111a\u010da, a sve su se mogle kupiti po vrlo povoljnim cijenama.<br>Opreznomu&nbsp;\u010ditatelju&nbsp;ve\u0107 su&nbsp;u objavi koja je najavljivala buvljak&nbsp;<\/p>\n\n\n\n<p>mogle\u00a0zapeti\u00a0za oko\u00a0dvije posebno zanimljive plo\u010de. Prva je\u00a0<em>Robinja\u00a0<\/em>Hanibala Luci\u0107a,\u00a0koja \u0107e, zahvaljuju\u0107i jednoj u\u010denici i njezinomu\u00a0ocu, svoje prebivali\u0161te\u00a0iz\u00a0kutije na tavanu\u00a0zamijeniti\u00a0novom\u00a0adresom\u00a0gimnazije na Pagu.\u00a0A za drugu,\u00a0<em>Soldatski bal\u00a0<\/em>Plavoga orkestra (i to potpisanu!), napravljena je tombola\u00a0u kojoj\u00a0su svi oni koji su kupili ne\u0161to na \u0161tandu mogli sudjelovati, a sretni \u0107e dobitnik biti\u00a0izvu\u010den\u00a0u utorak (23.\u00a012.) za vrijeme velikoga\u00a0odmora.<br>Mo\u017eemo bez zadr\u0161ke re\u0107i da je\u00a0Muzi\u010dki\u00a0buvljak bio vrlo uspje\u0161an\u00a0&#8211;\u00a0svatko tko je do\u0161ao do \u0161tanda,\u00a0na\u0161ao je ne\u0161to za sebe, a zarada, koja \u0107e i\u0107i u humanitarne svrhe\u00a0za Fond solidarnosti Prve,\u00a0nadma\u0161ila\u00a0je na\u0161a\u00a0o\u010dekivanja.\u00a0Nadamo se da je zanimanjem za ovaj prvi buvljak njime utrta tradicija za budu\u0107a glazbena doga\u0111anja. Zato tragajte za starim vrijednim plo\u010dama do sljede\u0107e godine!<\/p>\n\n\n\n<p><br>Lucija \u0160timac (3. e)\u00a0<\/p>\n\n\n\n<figure class=\"wp-block-gallery has-nested-images columns-default is-cropped wp-block-gallery-1 is-layout-flex wp-block-gallery-is-layout-flex\">\n<figure class=\"wp-block-image size-large\"><img decoding=\"async\" width=\"1024\" height=\"768\" data-id=\"22525\" data-src=\"https:\/\/prva.hr\/wp-content\/uploads\/2025\/12\/IMG-20251218-WA0028-1024x768.jpg\" alt=\"\" class=\"wp-image-22525 lazyload\" data-srcset=\"https:\/\/prva.hr\/wp-content\/uploads\/2025\/12\/IMG-20251218-WA0028-980x735.jpg 980w, https:\/\/prva.hr\/wp-content\/uploads\/2025\/12\/IMG-20251218-WA0028-480x360.jpg 480w\" data-sizes=\"(min-width: 0px) and (max-width: 480px) 480px, (min-width: 481px) and (max-width: 980px) 980px, (min-width: 981px) 1024px, 100vw\" src=\"data:image\/svg+xml;base64,PHN2ZyB3aWR0aD0iMSIgaGVpZ2h0PSIxIiB4bWxucz0iaHR0cDovL3d3dy53My5vcmcvMjAwMC9zdmciPjwvc3ZnPg==\" style=\"--smush-placeholder-width: 1024px; --smush-placeholder-aspect-ratio: 1024\/768;\" \/><\/figure>\n\n\n\n<figure class=\"wp-block-image size-large\"><img decoding=\"async\" width=\"768\" height=\"1024\" data-id=\"22528\" data-src=\"https:\/\/prva.hr\/wp-content\/uploads\/2025\/12\/IMG-20251218-WA0018-768x1024.jpg\" alt=\"\" class=\"wp-image-22528 lazyload\" src=\"data:image\/svg+xml;base64,PHN2ZyB3aWR0aD0iMSIgaGVpZ2h0PSIxIiB4bWxucz0iaHR0cDovL3d3dy53My5vcmcvMjAwMC9zdmciPjwvc3ZnPg==\" style=\"--smush-placeholder-width: 768px; --smush-placeholder-aspect-ratio: 768\/1024;\" \/><\/figure>\n\n\n\n<figure class=\"wp-block-image size-large\"><img decoding=\"async\" width=\"768\" height=\"1024\" data-id=\"22524\" data-src=\"https:\/\/prva.hr\/wp-content\/uploads\/2025\/12\/IMG-20251218-WA0020-768x1024.jpg\" alt=\"\" class=\"wp-image-22524 lazyload\" src=\"data:image\/svg+xml;base64,PHN2ZyB3aWR0aD0iMSIgaGVpZ2h0PSIxIiB4bWxucz0iaHR0cDovL3d3dy53My5vcmcvMjAwMC9zdmciPjwvc3ZnPg==\" style=\"--smush-placeholder-width: 768px; --smush-placeholder-aspect-ratio: 768\/1024;\" \/><\/figure>\n\n\n\n<figure class=\"wp-block-image size-large\"><img decoding=\"async\" width=\"1024\" height=\"768\" data-id=\"22526\" data-src=\"https:\/\/prva.hr\/wp-content\/uploads\/2025\/12\/IMG-20251218-WA0027-1024x768.jpg\" alt=\"\" class=\"wp-image-22526 lazyload\" data-srcset=\"https:\/\/prva.hr\/wp-content\/uploads\/2025\/12\/IMG-20251218-WA0027-980x735.jpg 980w, https:\/\/prva.hr\/wp-content\/uploads\/2025\/12\/IMG-20251218-WA0027-480x360.jpg 480w\" data-sizes=\"(min-width: 0px) and (max-width: 480px) 480px, (min-width: 481px) and (max-width: 980px) 980px, (min-width: 981px) 1024px, 100vw\" src=\"data:image\/svg+xml;base64,PHN2ZyB3aWR0aD0iMSIgaGVpZ2h0PSIxIiB4bWxucz0iaHR0cDovL3d3dy53My5vcmcvMjAwMC9zdmciPjwvc3ZnPg==\" style=\"--smush-placeholder-width: 1024px; --smush-placeholder-aspect-ratio: 1024\/768;\" \/><\/figure>\n\n\n\n<figure class=\"wp-block-image size-large\"><img decoding=\"async\" width=\"768\" height=\"1024\" data-id=\"22527\" data-src=\"https:\/\/prva.hr\/wp-content\/uploads\/2025\/12\/IMG-20251218-WA0017-768x1024.jpg\" alt=\"\" class=\"wp-image-22527 lazyload\" src=\"data:image\/svg+xml;base64,PHN2ZyB3aWR0aD0iMSIgaGVpZ2h0PSIxIiB4bWxucz0iaHR0cDovL3d3dy53My5vcmcvMjAwMC9zdmciPjwvc3ZnPg==\" style=\"--smush-placeholder-width: 768px; --smush-placeholder-aspect-ratio: 768\/1024;\" \/><\/figure>\n\n\n\n<figure class=\"wp-block-image size-large\"><img decoding=\"async\" width=\"768\" height=\"1024\" data-id=\"22529\" data-src=\"https:\/\/prva.hr\/wp-content\/uploads\/2025\/12\/IMG-20251218-WA0006-768x1024.jpg\" alt=\"\" class=\"wp-image-22529 lazyload\" src=\"data:image\/svg+xml;base64,PHN2ZyB3aWR0aD0iMSIgaGVpZ2h0PSIxIiB4bWxucz0iaHR0cDovL3d3dy53My5vcmcvMjAwMC9zdmciPjwvc3ZnPg==\" style=\"--smush-placeholder-width: 768px; --smush-placeholder-aspect-ratio: 768\/1024;\" \/><\/figure>\n<\/figure>\n","protected":false},"excerpt":{"rendered":"<p>Ve\u0107 je poznato da bo\u017ei\u0107nih doga\u0111anja u Prvoj ne manjka,&nbsp;no&nbsp;ove je godine, u organizaciji prof. Sikavica&nbsp;Joler i prof. Vladu\u0161i\u0107, dodan jo\u0161 jedan u nizu&nbsp;&#8211;&nbsp;Muzi\u010dki&nbsp;buvljak gramofonskih plo\u010da i CD-a! Ponuda je bila&nbsp;zaista&nbsp;\u0161arena&nbsp;&#8211;&nbsp;od stranih pop i rock izvo\u0111a\u010da do doma\u0107ega&nbsp;novog vala&nbsp;80-ih&nbsp;te na kraju i klasi\u010dnih izvo\u0111a\u010da, a sve su se mogle kupiti po vrlo povoljnim cijenama.Opreznomu&nbsp;\u010ditatelju&nbsp;ve\u0107 su&nbsp;u [&hellip;]<\/p>\n","protected":false},"author":11,"featured_media":22525,"comment_status":"closed","ping_status":"closed","sticky":false,"template":"","format":"standard","meta":{"_et_pb_use_builder":"","_et_pb_old_content":"","_et_gb_content_width":"","footnotes":""},"categories":[5,4],"tags":[],"class_list":["post-22523","post","type-post","status-publish","format-standard","has-post-thumbnail","hentry","category-aktivnosti","category-najnovije-vijesti"],"_links":{"self":[{"href":"https:\/\/prva.hr\/index.php\/wp-json\/wp\/v2\/posts\/22523","targetHints":{"allow":["GET"]}}],"collection":[{"href":"https:\/\/prva.hr\/index.php\/wp-json\/wp\/v2\/posts"}],"about":[{"href":"https:\/\/prva.hr\/index.php\/wp-json\/wp\/v2\/types\/post"}],"author":[{"embeddable":true,"href":"https:\/\/prva.hr\/index.php\/wp-json\/wp\/v2\/users\/11"}],"replies":[{"embeddable":true,"href":"https:\/\/prva.hr\/index.php\/wp-json\/wp\/v2\/comments?post=22523"}],"version-history":[{"count":1,"href":"https:\/\/prva.hr\/index.php\/wp-json\/wp\/v2\/posts\/22523\/revisions"}],"predecessor-version":[{"id":22530,"href":"https:\/\/prva.hr\/index.php\/wp-json\/wp\/v2\/posts\/22523\/revisions\/22530"}],"wp:featuredmedia":[{"embeddable":true,"href":"https:\/\/prva.hr\/index.php\/wp-json\/wp\/v2\/media\/22525"}],"wp:attachment":[{"href":"https:\/\/prva.hr\/index.php\/wp-json\/wp\/v2\/media?parent=22523"}],"wp:term":[{"taxonomy":"category","embeddable":true,"href":"https:\/\/prva.hr\/index.php\/wp-json\/wp\/v2\/categories?post=22523"},{"taxonomy":"post_tag","embeddable":true,"href":"https:\/\/prva.hr\/index.php\/wp-json\/wp\/v2\/tags?post=22523"}],"curies":[{"name":"wp","href":"https:\/\/api.w.org\/{rel}","templated":true}]}}