{"id":22547,"date":"2025-12-21T18:29:23","date_gmt":"2025-12-21T17:29:23","guid":{"rendered":"https:\/\/prva.hr\/?p=22547"},"modified":"2025-12-21T18:29:25","modified_gmt":"2025-12-21T17:29:25","slug":"suvremeni-zivot-kao-iluzija-slobode","status":"publish","type":"post","link":"https:\/\/prva.hr\/index.php\/2025\/12\/21\/suvremeni-zivot-kao-iluzija-slobode\/","title":{"rendered":"Suvremeni \u017eivot kao iluzija slobode"},"content":{"rendered":"\n<p>Tema slobode uvijek je bila \u034fva\u017ena u filozofiji i knji\u017eevnosti. Prije gotovo 2500 godina Platon je&nbsp; u \u034f<em>Alegori o pe\u0107ini<\/em> opisivao ljude vezane u tami, okrenute sjenama umjesto\u034f istini, nagla\u0161avaju\u0107i kako su <em>okovi, pe\u0107ina i mrak<\/em> znak ljudske ograni\u010denosti i odbijanja promjene. Sli\u010dna\u034f se situacija pojavljuje u de la Barcinoj drami \u017divot je san, u kojoj je glavni lik Sigismund\u034f zatvoren u \u034ftamnicu i li\u0161en slobode. Obje pri\u010de postavljaju pitanje istinske slobode &nbsp;i \u017eivota u iluziji slobode?<\/p>\n\n\n\n<figure class=\"wp-block-image aligncenter size-full is-resized\"><img decoding=\"async\" width=\"736\" height=\"705\" data-src=\"https:\/\/prva.hr\/wp-content\/uploads\/2025\/12\/zivot-je-san-slika.jpg\" alt=\"\" class=\"wp-image-22548 lazyload\" style=\"--smush-placeholder-width: 736px; --smush-placeholder-aspect-ratio: 736\/705;width:478px;height:auto\" data-srcset=\"https:\/\/prva.hr\/wp-content\/uploads\/2025\/12\/zivot-je-san-slika.jpg 736w, https:\/\/prva.hr\/wp-content\/uploads\/2025\/12\/zivot-je-san-slika-480x460.jpg 480w\" data-sizes=\"(min-width: 0px) and (max-width: 480px) 480px, (min-width: 481px) 736px, 100vw\" src=\"data:image\/svg+xml;base64,PHN2ZyB3aWR0aD0iMSIgaGVpZ2h0PSIxIiB4bWxucz0iaHR0cDovL3d3dy53My5vcmcvMjAwMC9zdmciPjwvc3ZnPg==\" \/><\/figure>\n\n\n\n<p>U drami <em>\u017divot je san<\/em>, sloboda je prikazana kao osnova dostojanstva ljudske osobe. Sigi\u034fsmund nema\u034f slobodnu volju jer njegov otac, kralj Bazilije,\u034f vjeruje u proro\u010danstvo koje ka\u017ee da \u0107e on biti tiranin. Ovaj problem otvara ideja da &nbsp;jedan \u010dovjek koristiti svoju mo\u0107 da oduzme slobodu drugome. Sigismund, koji odrasta u \u034fokovima\u034f, simbolizira osobu koja tek\u034f mora nau\u010diti kako upravljati\u034f svojom prirodom i shvatiti \u0161to zna\u010di biti slobodan. Njegov put pokazuje da sloboda nije samo vanjski uvjet nego unutarnji izbor jer on na kraju odlu\u010duje oprostiti ocu, a upravo \u201esnaga oprosta lije\u010di i zaustavlja zlo\u201c. Kao \u0161to Bazilije zbog straha od proro\u010danstva preuzima potpunu kontrolu nad Sigismundovom sudbinom, tako i mnogi dana\u0161nji roditelji, u \u017eelji za uspjehom svoje djece, name\u0107u pretjerana o\u010dekivanja i \u0161kolsku perfekciju. Time, i jedni i drugi, nesvjesno oduzimaju djeci prostor da samostalno oblikuju vlastitu osobnost i slobodno donose odluke. Suvremeni svijet suo\u010dava nas i s pitanjem iluzije slobode. Iako fizi\u010dki nismo zatvoreni u pe\u0107ini, \u017eivimo okru\u017eeni maskama, medijima, dru\u0161tvenim mre\u017eama i virtualnim stvarnostima koje stvaraju nove vrste neslobode. Vanjska \u034fsloboda je \u010desto iluzija: mi mo\u017eemo izabrati, kupovati i hodati, ali mo\u017eemo li se osloboditi unutarnjih okova \u2013 straha od tu\u0111ih mi\u0161ljenja, potrebe za potporom ili manipulacije informacijama? Kao \u0161to \u034fje Sigismund morao pobijediti sam sebe i suvremeni \u010dovjek treba\u034f spoznati &nbsp;svoje zablude da bi postigao unutarnju slobodu.<\/p>\n\n\n\n<p>Platonova pe\u0107ina, Sigismundova tamnica i sada\u0161nja virtualna stvarnost i dru\u0161tvene mre\u017ee imaju zajedni\u010dki pojam: pokazuju da \u034fje put\u034f prema slobodi prije svega unutarnji proces spoznaje i samosavladavanja. Slobodan je samo onaj tko vidi dalje od sjena i okova vlastitih strahova, slabosti i sumnji. Tako drama <em>\u017divot\u034f je san<\/em> ostaje suvremena jer nas podsje\u0107a da je \u201esav \u017eivot san\u201c, ali i da \u034fse mo\u017eemo probuditi iz tog sna i \u017eivjeti \u017eivot na druge na\u010dine.<\/p>\n\n\n\n<p><strong>Vito Lovri\u0107, 2.d<\/strong><\/p>\n","protected":false},"excerpt":{"rendered":"<p>Tema slobode uvijek je bila \u034fva\u017ena u filozofiji i knji\u017eevnosti. Prije gotovo 2500 godina Platon je&nbsp; u \u034fAlegori o pe\u0107ini opisivao ljude vezane u tami, okrenute sjenama umjesto\u034f istini, nagla\u0161avaju\u0107i kako su okovi, pe\u0107ina i mrak znak ljudske ograni\u010denosti i odbijanja promjene. Sli\u010dna\u034f se situacija pojavljuje u de la Barcinoj drami \u017divot je san, u [&hellip;]<\/p>\n","protected":false},"author":10,"featured_media":0,"comment_status":"closed","ping_status":"closed","sticky":false,"template":"","format":"standard","meta":{"_et_pb_use_builder":"","_et_pb_old_content":"","_et_gb_content_width":"","footnotes":""},"categories":[85],"tags":[],"class_list":["post-22547","post","type-post","status-publish","format-standard","hentry","category-blog"],"_links":{"self":[{"href":"https:\/\/prva.hr\/index.php\/wp-json\/wp\/v2\/posts\/22547","targetHints":{"allow":["GET"]}}],"collection":[{"href":"https:\/\/prva.hr\/index.php\/wp-json\/wp\/v2\/posts"}],"about":[{"href":"https:\/\/prva.hr\/index.php\/wp-json\/wp\/v2\/types\/post"}],"author":[{"embeddable":true,"href":"https:\/\/prva.hr\/index.php\/wp-json\/wp\/v2\/users\/10"}],"replies":[{"embeddable":true,"href":"https:\/\/prva.hr\/index.php\/wp-json\/wp\/v2\/comments?post=22547"}],"version-history":[{"count":1,"href":"https:\/\/prva.hr\/index.php\/wp-json\/wp\/v2\/posts\/22547\/revisions"}],"predecessor-version":[{"id":22549,"href":"https:\/\/prva.hr\/index.php\/wp-json\/wp\/v2\/posts\/22547\/revisions\/22549"}],"wp:attachment":[{"href":"https:\/\/prva.hr\/index.php\/wp-json\/wp\/v2\/media?parent=22547"}],"wp:term":[{"taxonomy":"category","embeddable":true,"href":"https:\/\/prva.hr\/index.php\/wp-json\/wp\/v2\/categories?post=22547"},{"taxonomy":"post_tag","embeddable":true,"href":"https:\/\/prva.hr\/index.php\/wp-json\/wp\/v2\/tags?post=22547"}],"curies":[{"name":"wp","href":"https:\/\/api.w.org\/{rel}","templated":true}]}}