{"id":2270,"date":"2017-12-04T11:08:45","date_gmt":"2017-12-04T10:08:45","guid":{"rendered":"http:\/\/www.prva.hr\/?p=2270"},"modified":"2017-12-04T11:08:45","modified_gmt":"2017-12-04T10:08:45","slug":"innovation-academy","status":"publish","type":"post","link":"https:\/\/prva.hr\/index.php\/2017\/12\/04\/innovation-academy\/","title":{"rendered":"Innovation Academy"},"content":{"rendered":"<div><b>Innovation Academy<\/b>\u00a0je projekt \u010diji je cilj nadopuniti obrazovanje u\u010denika srednjo\u0161kolske dobi kroz programe zimske i ljetne \u0161kole te konferenciju.<\/div>\n<div><\/div>\n<div>9. prosinca odr\u017eat \u0107e se meetup na temu\u00a0<b>&#8220;Kad sam bio mlad&#8221;<\/b>\u00a0na kojem \u0107e kroz kratki panel hrvatski poduzetnici i menad\u017eeri podijeliti sa sudionicima svoje iskustvo odrastanja i ulaska u poslovni svijet.<\/div>\n<div><\/div>\n<div><strong>U<\/strong><b>laz na meetup besplatan.<\/b><\/div>\n<div><\/div>\n<div><a href=\"http:\/\/www.prva.hr\/wp-content\/uploads\/2017\/12\/IA-program.pdf\">IA-program<\/a><\/div>\n<div><a href=\"http:\/\/www.prva.hr\/wp-content\/uploads\/2017\/12\/Innovation-Academy-poziv.pdf\">Innovation Academy &#8211; poziv<\/a><\/div>\n<div><\/div>\n","protected":false},"excerpt":{"rendered":"<p>Innovation Academy\u00a0je projekt \u010diji je cilj nadopuniti obrazovanje u\u010denika srednjo\u0161kolske dobi kroz programe zimske i ljetne \u0161kole te konferenciju. 9. prosinca odr\u017eat \u0107e se meetup na temu\u00a0&#8220;Kad sam bio mlad&#8221;\u00a0na kojem \u0107e kroz kratki panel hrvatski poduzetnici i menad\u017eeri podijeliti sa sudionicima svoje iskustvo odrastanja i ulaska u poslovni svijet. Ulaz na meetup besplatan. IA-program [&hellip;]<\/p>\n","protected":false},"author":4,"featured_media":0,"comment_status":"closed","ping_status":"closed","sticky":false,"template":"","format":"standard","meta":{"_et_pb_use_builder":"","_et_pb_old_content":"","_et_gb_content_width":"","footnotes":""},"categories":[14],"tags":[],"class_list":["post-2270","post","type-post","status-publish","format-standard","hentry","category-dogadanja-izvan-skole"],"_links":{"self":[{"href":"https:\/\/prva.hr\/index.php\/wp-json\/wp\/v2\/posts\/2270","targetHints":{"allow":["GET"]}}],"collection":[{"href":"https:\/\/prva.hr\/index.php\/wp-json\/wp\/v2\/posts"}],"about":[{"href":"https:\/\/prva.hr\/index.php\/wp-json\/wp\/v2\/types\/post"}],"author":[{"embeddable":true,"href":"https:\/\/prva.hr\/index.php\/wp-json\/wp\/v2\/users\/4"}],"replies":[{"embeddable":true,"href":"https:\/\/prva.hr\/index.php\/wp-json\/wp\/v2\/comments?post=2270"}],"version-history":[{"count":1,"href":"https:\/\/prva.hr\/index.php\/wp-json\/wp\/v2\/posts\/2270\/revisions"}],"predecessor-version":[{"id":2273,"href":"https:\/\/prva.hr\/index.php\/wp-json\/wp\/v2\/posts\/2270\/revisions\/2273"}],"wp:attachment":[{"href":"https:\/\/prva.hr\/index.php\/wp-json\/wp\/v2\/media?parent=2270"}],"wp:term":[{"taxonomy":"category","embeddable":true,"href":"https:\/\/prva.hr\/index.php\/wp-json\/wp\/v2\/categories?post=2270"},{"taxonomy":"post_tag","embeddable":true,"href":"https:\/\/prva.hr\/index.php\/wp-json\/wp\/v2\/tags?post=2270"}],"curies":[{"name":"wp","href":"https:\/\/api.w.org\/{rel}","templated":true}]}}