{"id":22801,"date":"2026-01-22T11:52:44","date_gmt":"2026-01-22T10:52:44","guid":{"rendered":"https:\/\/prva.hr\/?p=22801"},"modified":"2026-01-22T11:52:46","modified_gmt":"2026-01-22T10:52:46","slug":"prezentacija-o-zakladi-i-gimnazije-akica","status":"publish","type":"post","link":"https:\/\/prva.hr\/index.php\/2026\/01\/22\/prezentacija-o-zakladi-i-gimnazije-akica\/","title":{"rendered":"Prezentacija o Zakladi I. gimnazije &#8220;Akica&#8221;"},"content":{"rendered":"\n<p>U<strong> srijedu 21.1.2026.<\/strong> ravnateljica Dunja Maru\u0161i\u0107 Brezeti\u0107 odr\u017eala je prezentaciju o <strong>Zakladi I. gimnazije &#8220;Akica&#8221;<\/strong> za maturante i maturantice svih \u010detvrtih razreda.  <\/p>\n\n\n\n<p>Zaklada &#8220;Akica&#8221; osnovana je 2020. godine, zahvaljuju\u0107i velikodu\u0161noj donaciji g\u0111e. Ivane Canki, a kasnije i g. Vjekoslava \u0160ubi\u0107a. <\/p>\n\n\n\n<p>Na\u0161a \u0161kola je jedna je od rijetkih \u0161kola koja ima svoju Zakladu. Cilj Zaklade Akica je pru\u017eanje nov\u010dane potpore za \u0161kolovanje u\u010denika slabijeg imovinskog statusa na po\u010detku studija. <\/p>\n\n\n\n<p>Na prezentaciji, u\u010denici su upoznati s postupkom i rokovima prijave na natje\u010daj te kriterijima za odabir kandidata.<\/p>\n\n\n\n<p>Ravnateljica je spomenula \u010dlanice Upravnog odbora Zaklade &#8220;Akica&#8221;, a jedna od njih \u0161kolska psihologinja Vlasta Luka\u010devi\u0107  pozvala je maturante da se prijave za stipendiju obzirom na kriterij socijalnog statusa, ali i kriterij izvrsnosti.<\/p>\n\n\n\n<p>Maturanti su informirani o svim dosada\u0161njim stipendistima, a pro\u0161logodi\u0161nji stipendist Petar Badurina, sada student FER-a,  podijelio je svoje zadovoljstvo primanjem stipendije koja mu u velikoj mjeri olak\u0161ava studenski \u017eivot.<\/p>\n\n\n\n<p>Pro\u0161le godine su dodjeljene tri stipendije, prva u iznosu od 6.000 eura i dvije u iznosu od 3.500 eura.<\/p>\n\n\n\n<p>Vlasta Luka\u010devi\u0107, \u0161kolska psihologinja<\/p>\n\n\n\n<p><\/p>\n\n\n\n<figure class=\"wp-block-image size-large\"><img decoding=\"async\" width=\"1024\" height=\"433\" data-src=\"https:\/\/prva.hr\/wp-content\/uploads\/2026\/01\/IMG-20260121-WA0008-1024x433.jpg\" alt=\"\" class=\"wp-image-22804 lazyload\" data-srcset=\"https:\/\/prva.hr\/wp-content\/uploads\/2026\/01\/IMG-20260121-WA0008-980x414.jpg 980w, https:\/\/prva.hr\/wp-content\/uploads\/2026\/01\/IMG-20260121-WA0008-480x203.jpg 480w\" data-sizes=\"(min-width: 0px) and (max-width: 480px) 480px, (min-width: 481px) and (max-width: 980px) 980px, (min-width: 981px) 1024px, 100vw\" src=\"data:image\/svg+xml;base64,PHN2ZyB3aWR0aD0iMSIgaGVpZ2h0PSIxIiB4bWxucz0iaHR0cDovL3d3dy53My5vcmcvMjAwMC9zdmciPjwvc3ZnPg==\" style=\"--smush-placeholder-width: 1024px; --smush-placeholder-aspect-ratio: 1024\/433;\" \/><\/figure>\n","protected":false},"excerpt":{"rendered":"<p>U srijedu 21.1.2026. ravnateljica Dunja Maru\u0161i\u0107 Brezeti\u0107 odr\u017eala je prezentaciju o Zakladi I. gimnazije &#8220;Akica&#8221; za maturante i maturantice svih \u010detvrtih razreda. Zaklada &#8220;Akica&#8221; osnovana je 2020. godine, zahvaljuju\u0107i velikodu\u0161noj donaciji g\u0111e. Ivane Canki, a kasnije i g. Vjekoslava \u0160ubi\u0107a. Na\u0161a \u0161kola je jedna je od rijetkih \u0161kola koja ima svoju Zakladu. Cilj Zaklade Akica [&hellip;]<\/p>\n","protected":false},"author":6,"featured_media":22805,"comment_status":"closed","ping_status":"closed","sticky":false,"template":"","format":"standard","meta":{"_et_pb_use_builder":"","_et_pb_old_content":"","_et_gb_content_width":"","footnotes":""},"categories":[5,79],"tags":[],"class_list":["post-22801","post","type-post","status-publish","format-standard","has-post-thumbnail","hentry","category-aktivnosti","category-zaklada"],"_links":{"self":[{"href":"https:\/\/prva.hr\/index.php\/wp-json\/wp\/v2\/posts\/22801","targetHints":{"allow":["GET"]}}],"collection":[{"href":"https:\/\/prva.hr\/index.php\/wp-json\/wp\/v2\/posts"}],"about":[{"href":"https:\/\/prva.hr\/index.php\/wp-json\/wp\/v2\/types\/post"}],"author":[{"embeddable":true,"href":"https:\/\/prva.hr\/index.php\/wp-json\/wp\/v2\/users\/6"}],"replies":[{"embeddable":true,"href":"https:\/\/prva.hr\/index.php\/wp-json\/wp\/v2\/comments?post=22801"}],"version-history":[{"count":3,"href":"https:\/\/prva.hr\/index.php\/wp-json\/wp\/v2\/posts\/22801\/revisions"}],"predecessor-version":[{"id":22806,"href":"https:\/\/prva.hr\/index.php\/wp-json\/wp\/v2\/posts\/22801\/revisions\/22806"}],"wp:featuredmedia":[{"embeddable":true,"href":"https:\/\/prva.hr\/index.php\/wp-json\/wp\/v2\/media\/22805"}],"wp:attachment":[{"href":"https:\/\/prva.hr\/index.php\/wp-json\/wp\/v2\/media?parent=22801"}],"wp:term":[{"taxonomy":"category","embeddable":true,"href":"https:\/\/prva.hr\/index.php\/wp-json\/wp\/v2\/categories?post=22801"},{"taxonomy":"post_tag","embeddable":true,"href":"https:\/\/prva.hr\/index.php\/wp-json\/wp\/v2\/tags?post=22801"}],"curies":[{"name":"wp","href":"https:\/\/api.w.org\/{rel}","templated":true}]}}