{"id":23405,"date":"2026-03-06T08:50:46","date_gmt":"2026-03-06T07:50:46","guid":{"rendered":"https:\/\/prva.hr\/?p=23405"},"modified":"2026-03-06T08:51:00","modified_gmt":"2026-03-06T07:51:00","slug":"odrzana-dva-preventivna-predavanja-za-roditelje","status":"publish","type":"post","link":"https:\/\/prva.hr\/index.php\/2026\/03\/06\/odrzana-dva-preventivna-predavanja-za-roditelje\/","title":{"rendered":"Odr\u017eana dva preventivna predavanja za roditelje"},"content":{"rendered":"\n<p>U sklopu \u0160kolskih preventivnih strategija vezano uz prevenciju nasilja, u suradnji s Centrom za mir, nenasilje i ljudska prava, odr\u017eana su <strong>29.1.2026. i 5. 3. 2026.<\/strong> dva <strong>preventivna online predavanja<\/strong>  pod naslovom <strong>&#8220;Sukob kao prilika &#8211;  nenasilna transformacija sukoba&#8221;.<\/strong><\/p>\n\n\n\n<p>Dio je to dvogodi\u0161njeg  projekta namijenjenog isklju\u010divo \u0161kolama \u010dlanicama Foruma <strong>MIROTVORNA \u0160KOLA<\/strong> i nastojanja da se u preventivne edukacije uklju\u010de roditelji kao va\u017eni dionici obrazovnog i odgojnog procesa.<\/p>\n\n\n\n<p>Vlasta Luka\u010devi\u0107, \u0161kolska psihologinja<\/p>\n\n\n\n<p><\/p>\n\n\n\n<figure class=\"wp-block-image size-large is-resized\"><img decoding=\"async\" width=\"763\" height=\"1024\" data-src=\"https:\/\/prva.hr\/wp-content\/uploads\/2026\/03\/Screenshot_2026-03-05-17-18-50-986_us.zoom_.videomeetings-763x1024.jpg\" alt=\"\" class=\"wp-image-23408 lazyload\" style=\"--smush-placeholder-width: 763px; --smush-placeholder-aspect-ratio: 763\/1024;width:367px;height:auto\" src=\"data:image\/svg+xml;base64,PHN2ZyB3aWR0aD0iMSIgaGVpZ2h0PSIxIiB4bWxucz0iaHR0cDovL3d3dy53My5vcmcvMjAwMC9zdmciPjwvc3ZnPg==\" \/><\/figure>\n","protected":false},"excerpt":{"rendered":"<p>U sklopu \u0160kolskih preventivnih strategija vezano uz prevenciju nasilja, u suradnji s Centrom za mir, nenasilje i ljudska prava, odr\u017eana su 29.1.2026. i 5. 3. 2026. dva preventivna online predavanja pod naslovom &#8220;Sukob kao prilika &#8211; nenasilna transformacija sukoba&#8221;. Dio je to dvogodi\u0161njeg projekta namijenjenog isklju\u010divo \u0161kolama \u010dlanicama Foruma MIROTVORNA \u0160KOLA i nastojanja da se [&hellip;]<\/p>\n","protected":false},"author":6,"featured_media":23407,"comment_status":"closed","ping_status":"closed","sticky":false,"template":"","format":"standard","meta":{"_et_pb_use_builder":"","_et_pb_old_content":"","_et_gb_content_width":"","footnotes":""},"categories":[5,13],"tags":[],"class_list":["post-23405","post","type-post","status-publish","format-standard","has-post-thumbnail","hentry","category-aktivnosti","category-preventivni-program"],"_links":{"self":[{"href":"https:\/\/prva.hr\/index.php\/wp-json\/wp\/v2\/posts\/23405","targetHints":{"allow":["GET"]}}],"collection":[{"href":"https:\/\/prva.hr\/index.php\/wp-json\/wp\/v2\/posts"}],"about":[{"href":"https:\/\/prva.hr\/index.php\/wp-json\/wp\/v2\/types\/post"}],"author":[{"embeddable":true,"href":"https:\/\/prva.hr\/index.php\/wp-json\/wp\/v2\/users\/6"}],"replies":[{"embeddable":true,"href":"https:\/\/prva.hr\/index.php\/wp-json\/wp\/v2\/comments?post=23405"}],"version-history":[{"count":5,"href":"https:\/\/prva.hr\/index.php\/wp-json\/wp\/v2\/posts\/23405\/revisions"}],"predecessor-version":[{"id":23412,"href":"https:\/\/prva.hr\/index.php\/wp-json\/wp\/v2\/posts\/23405\/revisions\/23412"}],"wp:featuredmedia":[{"embeddable":true,"href":"https:\/\/prva.hr\/index.php\/wp-json\/wp\/v2\/media\/23407"}],"wp:attachment":[{"href":"https:\/\/prva.hr\/index.php\/wp-json\/wp\/v2\/media?parent=23405"}],"wp:term":[{"taxonomy":"category","embeddable":true,"href":"https:\/\/prva.hr\/index.php\/wp-json\/wp\/v2\/categories?post=23405"},{"taxonomy":"post_tag","embeddable":true,"href":"https:\/\/prva.hr\/index.php\/wp-json\/wp\/v2\/tags?post=23405"}],"curies":[{"name":"wp","href":"https:\/\/api.w.org\/{rel}","templated":true}]}}