{"id":23462,"date":"2026-03-10T15:11:41","date_gmt":"2026-03-10T14:11:41","guid":{"rendered":"https:\/\/prva.hr\/?p=23462"},"modified":"2026-03-10T15:18:27","modified_gmt":"2026-03-10T14:18:27","slug":"zupanijsko-natjecanje-iz-francuskog-jezika-6","status":"publish","type":"post","link":"https:\/\/prva.hr\/index.php\/2026\/03\/10\/zupanijsko-natjecanje-iz-francuskog-jezika-6\/","title":{"rendered":"\u017dupanijsko Natjecanje iz francuskog jezika"},"content":{"rendered":"\n<p>U\u010denica Lucija \u0160timac (3. e) ostvarila je 1. mjesto, u\u010denik Noa Grgi\u0107 (4. a) ostvario je 1. mjesto, u\u010denica Marija Juri\u0161i\u0107 (4. d) ostvarila je 4. mjesto, u\u010denica Tonka Lon\u010dari\u0107 (4. d) ostvarila je 4. mjesto, u\u010denica Gabrijela \u010cun\u010di\u0107 (3. d) ostvarila je 6. mjesto, u\u010denica Ida Valpoti\u0107 (4. b) ostvarila je 6. mjesto, a u\u010denica Katarina Groznica (3. d) ostvarila je 9. mjesto na \u017eupanijskom Natjecanju iz francuskog jezika odr\u017eanom 5. o\u017eujka u XVI. gimnaziji.\u00a0<\/p>\n\n\n\n<p>\u010cestitke u\u010denicima i njihovim mentoricama T. Bano\u017ei\u0107, prof. i J. Rebrovi\u0107, prof.!<\/p>\n","protected":false},"excerpt":{"rendered":"<p>U\u010denica Lucija \u0160timac (3. e) ostvarila je 1. mjesto, u\u010denik Noa Grgi\u0107 (4. a) ostvario je 1. mjesto, u\u010denica Marija Juri\u0161i\u0107 (4. d) ostvarila je 4. mjesto, u\u010denica Tonka Lon\u010dari\u0107 (4. d) ostvarila je 4. mjesto, u\u010denica Gabrijela \u010cun\u010di\u0107 (3. d) ostvarila je 6. mjesto, u\u010denica Ida Valpoti\u0107 (4. b) ostvarila je 6. mjesto, a [&hellip;]<\/p>\n","protected":false},"author":7,"featured_media":0,"comment_status":"closed","ping_status":"closed","sticky":false,"template":"","format":"standard","meta":{"_et_pb_use_builder":"","_et_pb_old_content":"","_et_gb_content_width":"","footnotes":""},"categories":[4,24],"tags":[],"class_list":["post-23462","post","type-post","status-publish","format-standard","hentry","category-najnovije-vijesti","category-predmetna-natjecanja"],"_links":{"self":[{"href":"https:\/\/prva.hr\/index.php\/wp-json\/wp\/v2\/posts\/23462","targetHints":{"allow":["GET"]}}],"collection":[{"href":"https:\/\/prva.hr\/index.php\/wp-json\/wp\/v2\/posts"}],"about":[{"href":"https:\/\/prva.hr\/index.php\/wp-json\/wp\/v2\/types\/post"}],"author":[{"embeddable":true,"href":"https:\/\/prva.hr\/index.php\/wp-json\/wp\/v2\/users\/7"}],"replies":[{"embeddable":true,"href":"https:\/\/prva.hr\/index.php\/wp-json\/wp\/v2\/comments?post=23462"}],"version-history":[{"count":2,"href":"https:\/\/prva.hr\/index.php\/wp-json\/wp\/v2\/posts\/23462\/revisions"}],"predecessor-version":[{"id":23467,"href":"https:\/\/prva.hr\/index.php\/wp-json\/wp\/v2\/posts\/23462\/revisions\/23467"}],"wp:attachment":[{"href":"https:\/\/prva.hr\/index.php\/wp-json\/wp\/v2\/media?parent=23462"}],"wp:term":[{"taxonomy":"category","embeddable":true,"href":"https:\/\/prva.hr\/index.php\/wp-json\/wp\/v2\/categories?post=23462"},{"taxonomy":"post_tag","embeddable":true,"href":"https:\/\/prva.hr\/index.php\/wp-json\/wp\/v2\/tags?post=23462"}],"curies":[{"name":"wp","href":"https:\/\/api.w.org\/{rel}","templated":true}]}}