{"id":23472,"date":"2026-03-11T15:02:00","date_gmt":"2026-03-11T14:02:00","guid":{"rendered":"https:\/\/prva.hr\/?p=23472"},"modified":"2026-03-12T08:12:23","modified_gmt":"2026-03-12T07:12:23","slug":"konferencija-o-darovitosti-za-nastvanike-i-strucne-suradnike","status":"publish","type":"post","link":"https:\/\/prva.hr\/index.php\/2026\/03\/11\/konferencija-o-darovitosti-za-nastvanike-i-strucne-suradnike\/","title":{"rendered":"Konferencija o darovitosti za nastavnike i stru\u010dne suradnike"},"content":{"rendered":"\n<p>U sklopu aktivnosti poticanja darovitosti, u srijedu <strong>11.3.2026.<\/strong> odr\u017eana je <strong>online konferencija<\/strong> Udruge za darovitost Dar  za nastavnike i stru\u010dne suradnike pod nazivom<strong> &#8220;Skriveni dar 2&#8221;<\/strong>. <\/p>\n\n\n\n<p>Sudionici konferencije bili su Ana Babi\u0107 Pezo, prof. na temu prava darovite djece, prof. dr.sc. Daniela Cvitkovi\u0107 na temu darovitosti i ADHD-a, doc.dr.sc. Danijela Blanu\u0161a Tro\u0161elj na temu izazova prepoznavanja darovitosti, Sanja Pahel, mag.paed.soc o ulozi socijalnih pedagoga u radu s darovitom djecom te \u017deljka Po\u017egaj te mag.praesc.educ. na temu darovitosti kao testa zrelosti sustava. <\/p>\n\n\n\n<p>Vlasta Luka\u010devi\u0107, \u0161kolska psihologinja<\/p>\n\n\n\n<figure class=\"wp-block-image size-large is-resized\"><img decoding=\"async\" width=\"1024\" height=\"433\" data-src=\"https:\/\/prva.hr\/wp-content\/uploads\/2026\/03\/IMG_20260311_132234-1024x433.jpg\" alt=\"\" class=\"wp-image-23476 lazyload\" style=\"--smush-placeholder-width: 1024px; --smush-placeholder-aspect-ratio: 1024\/433;width:621px;height:auto\" data-srcset=\"https:\/\/prva.hr\/wp-content\/uploads\/2026\/03\/IMG_20260311_132234-980x414.jpg 980w, https:\/\/prva.hr\/wp-content\/uploads\/2026\/03\/IMG_20260311_132234-480x203.jpg 480w\" data-sizes=\"(min-width: 0px) and (max-width: 480px) 480px, (min-width: 481px) and (max-width: 980px) 980px, (min-width: 981px) 1024px, 100vw\" src=\"data:image\/svg+xml;base64,PHN2ZyB3aWR0aD0iMSIgaGVpZ2h0PSIxIiB4bWxucz0iaHR0cDovL3d3dy53My5vcmcvMjAwMC9zdmciPjwvc3ZnPg==\" \/><\/figure>\n\n\n\n<figure class=\"wp-block-image size-large is-resized\"><img decoding=\"async\" width=\"1024\" height=\"918\" data-src=\"https:\/\/prva.hr\/wp-content\/uploads\/2026\/03\/IMG_20260311_141646-1024x918.jpg\" alt=\"\" class=\"wp-image-23475 lazyload\" style=\"--smush-placeholder-width: 1024px; --smush-placeholder-aspect-ratio: 1024\/918;width:409px;height:auto\" data-srcset=\"https:\/\/prva.hr\/wp-content\/uploads\/2026\/03\/IMG_20260311_141646-980x879.jpg 980w, https:\/\/prva.hr\/wp-content\/uploads\/2026\/03\/IMG_20260311_141646-480x430.jpg 480w\" data-sizes=\"(min-width: 0px) and (max-width: 480px) 480px, (min-width: 481px) and (max-width: 980px) 980px, (min-width: 981px) 1024px, 100vw\" src=\"data:image\/svg+xml;base64,PHN2ZyB3aWR0aD0iMSIgaGVpZ2h0PSIxIiB4bWxucz0iaHR0cDovL3d3dy53My5vcmcvMjAwMC9zdmciPjwvc3ZnPg==\" \/><\/figure>\n\n\n\n<p><\/p>\n","protected":false},"excerpt":{"rendered":"<p>U sklopu aktivnosti poticanja darovitosti, u srijedu 11.3.2026. odr\u017eana je online konferencija Udruge za darovitost Dar za nastavnike i stru\u010dne suradnike pod nazivom &#8220;Skriveni dar 2&#8221;. Sudionici konferencije bili su Ana Babi\u0107 Pezo, prof. na temu prava darovite djece, prof. dr.sc. Daniela Cvitkovi\u0107 na temu darovitosti i ADHD-a, doc.dr.sc. Danijela Blanu\u0161a Tro\u0161elj na temu izazova [&hellip;]<\/p>\n","protected":false},"author":6,"featured_media":23474,"comment_status":"closed","ping_status":"closed","sticky":false,"template":"","format":"standard","meta":{"_et_pb_use_builder":"","_et_pb_old_content":"","_et_gb_content_width":"","footnotes":""},"categories":[5,65],"tags":[],"class_list":["post-23472","post","type-post","status-publish","format-standard","has-post-thumbnail","hentry","category-aktivnosti","category-aktivnosti-projekti-promicanje-izvrsnosti"],"_links":{"self":[{"href":"https:\/\/prva.hr\/index.php\/wp-json\/wp\/v2\/posts\/23472","targetHints":{"allow":["GET"]}}],"collection":[{"href":"https:\/\/prva.hr\/index.php\/wp-json\/wp\/v2\/posts"}],"about":[{"href":"https:\/\/prva.hr\/index.php\/wp-json\/wp\/v2\/types\/post"}],"author":[{"embeddable":true,"href":"https:\/\/prva.hr\/index.php\/wp-json\/wp\/v2\/users\/6"}],"replies":[{"embeddable":true,"href":"https:\/\/prva.hr\/index.php\/wp-json\/wp\/v2\/comments?post=23472"}],"version-history":[{"count":3,"href":"https:\/\/prva.hr\/index.php\/wp-json\/wp\/v2\/posts\/23472\/revisions"}],"predecessor-version":[{"id":23482,"href":"https:\/\/prva.hr\/index.php\/wp-json\/wp\/v2\/posts\/23472\/revisions\/23482"}],"wp:featuredmedia":[{"embeddable":true,"href":"https:\/\/prva.hr\/index.php\/wp-json\/wp\/v2\/media\/23474"}],"wp:attachment":[{"href":"https:\/\/prva.hr\/index.php\/wp-json\/wp\/v2\/media?parent=23472"}],"wp:term":[{"taxonomy":"category","embeddable":true,"href":"https:\/\/prva.hr\/index.php\/wp-json\/wp\/v2\/categories?post=23472"},{"taxonomy":"post_tag","embeddable":true,"href":"https:\/\/prva.hr\/index.php\/wp-json\/wp\/v2\/tags?post=23472"}],"curies":[{"name":"wp","href":"https:\/\/api.w.org\/{rel}","templated":true}]}}