{"id":23543,"date":"2026-03-16T19:59:02","date_gmt":"2026-03-16T18:59:02","guid":{"rendered":"https:\/\/prva.hr\/?p=23543"},"modified":"2026-03-16T19:59:04","modified_gmt":"2026-03-16T18:59:04","slug":"natjecanje-mladih-hrvatskog-crvenog-kriza-2","status":"publish","type":"post","link":"https:\/\/prva.hr\/index.php\/2026\/03\/16\/natjecanje-mladih-hrvatskog-crvenog-kriza-2\/","title":{"rendered":"Natjecanje mladih Hrvatskog Crvenog kri\u017ea"},"content":{"rendered":"\n<p>Ekipa Prve pomo\u0107i sudjelovala je na Op\u0107inskom natjecanju Crvenog kri\u017ea, odr\u017eanom 14. o\u017eujka 2026. u O\u0160 V. Holjevca gdje su pokazali svoje znanje, brzinu i vje\u0161tine te osvojili 1. mjesto!<\/p>\n\n\n\n<p>Ovaj uspjeh rezultat je velikoga truda ekipe Prve pomo\u0107i koju \u010dine Natali Berdar (3. d), Iva Svir\u010di\u0107 (3. d), Maria Gavran (3. e), Marta Balen (3. c), Roko \u017dupi\u0107 (2. b) i Jakov Mikec (2. b), te naravno njihove mentorice Nives Mesi\u0107 (4. c) te mentora i voditelja grupe, profesora Luke Miholi\u0107a.<\/p>\n\n\n\n<p>\u010cestitke u\u010denicima i njihovom mentoru!<\/p>\n","protected":false},"excerpt":{"rendered":"<p>Ekipa Prve pomo\u0107i sudjelovala je na Op\u0107inskom natjecanju Crvenog kri\u017ea, odr\u017eanom 14. o\u017eujka 2026. u O\u0160 V. Holjevca gdje su pokazali svoje znanje, brzinu i vje\u0161tine te osvojili 1. mjesto! Ovaj uspjeh rezultat je velikoga truda ekipe Prve pomo\u0107i koju \u010dine Natali Berdar (3. d), Iva Svir\u010di\u0107 (3. d), Maria Gavran (3. e), Marta Balen [&hellip;]<\/p>\n","protected":false},"author":7,"featured_media":23544,"comment_status":"closed","ping_status":"closed","sticky":false,"template":"","format":"standard","meta":{"_et_pb_use_builder":"","_et_pb_old_content":"","_et_gb_content_width":"","footnotes":""},"categories":[7,4],"tags":[],"class_list":["post-23543","post","type-post","status-publish","format-standard","has-post-thumbnail","hentry","category-crveni-kriz","category-najnovije-vijesti"],"_links":{"self":[{"href":"https:\/\/prva.hr\/index.php\/wp-json\/wp\/v2\/posts\/23543","targetHints":{"allow":["GET"]}}],"collection":[{"href":"https:\/\/prva.hr\/index.php\/wp-json\/wp\/v2\/posts"}],"about":[{"href":"https:\/\/prva.hr\/index.php\/wp-json\/wp\/v2\/types\/post"}],"author":[{"embeddable":true,"href":"https:\/\/prva.hr\/index.php\/wp-json\/wp\/v2\/users\/7"}],"replies":[{"embeddable":true,"href":"https:\/\/prva.hr\/index.php\/wp-json\/wp\/v2\/comments?post=23543"}],"version-history":[{"count":1,"href":"https:\/\/prva.hr\/index.php\/wp-json\/wp\/v2\/posts\/23543\/revisions"}],"predecessor-version":[{"id":23545,"href":"https:\/\/prva.hr\/index.php\/wp-json\/wp\/v2\/posts\/23543\/revisions\/23545"}],"wp:featuredmedia":[{"embeddable":true,"href":"https:\/\/prva.hr\/index.php\/wp-json\/wp\/v2\/media\/23544"}],"wp:attachment":[{"href":"https:\/\/prva.hr\/index.php\/wp-json\/wp\/v2\/media?parent=23543"}],"wp:term":[{"taxonomy":"category","embeddable":true,"href":"https:\/\/prva.hr\/index.php\/wp-json\/wp\/v2\/categories?post=23543"},{"taxonomy":"post_tag","embeddable":true,"href":"https:\/\/prva.hr\/index.php\/wp-json\/wp\/v2\/tags?post=23543"}],"curies":[{"name":"wp","href":"https:\/\/api.w.org\/{rel}","templated":true}]}}