{"id":2367,"date":"2017-12-19T13:53:30","date_gmt":"2017-12-19T12:53:30","guid":{"rendered":"http:\/\/www.prva.hr\/?p=2367"},"modified":"2017-12-19T13:53:57","modified_gmt":"2017-12-19T12:53:57","slug":"odluka-o-odabiru-kandidata-za-nastavnikacu-njemackog-jezika","status":"publish","type":"post","link":"https:\/\/prva.hr\/index.php\/2017\/12\/19\/odluka-o-odabiru-kandidata-za-nastavnikacu-njemackog-jezika\/","title":{"rendered":"Odluka o odabiru kandidata za nastavnika\/cu njema\u010dkog jezika"},"content":{"rendered":"<p>Na temelju odredbe \u010dlanka 114. stavka 1. Zakona o odgoju i obrazovanju u osnovnoj i srednjoj \u0161koli (Narodne novine, br. 87\/08, 86\/09, 92\/10, 105\/10, 90\/11, 5\/12, 16\/12, 86\/12, 126\/12, 94\/13, 152\/14 i 07\/17) te odredbe \u010dlanka 11. Pravilnika o radu I. gimnazije od 28. sije\u010dnja 2015. godine, nakon provedenog natje\u010dajnog postupka, a uz prethodnu suglasnost \u0160kolskog odbora I. gimnazije danu na sjednici odr\u017eanoj elektronskim putem 14. prosinca 2017. godine, ravnateljica I. gimnazije donosi sljede\u0107u<\/p>\n<p>&nbsp;<\/p>\n<p style=\"text-align: center;\"><strong>ODLUKU<\/strong><\/p>\n<p style=\"text-align: center;\"><strong>o izboru kandidata za radno mjesto nastavnika\/ce njema\u010dkog jezika<\/strong><\/p>\n<p>&nbsp;<\/p>\n<p style=\"text-align: center;\"><strong>I.<\/strong><\/p>\n<p>Nakon provedenog javnog natje\u010daja za radno mjesto nastavnika\/ce njema\u010dkog jezika na odre\u0111eno, nepuno radno vrijeme, do povratka odsutne radnice s nepla\u0107enog dopusta objavljenog dana 5. prosinca 2017. godine na internetskoj stranici I. gimnazije i Hrvatskog zavoda za zapo\u0161ljavanje izabrana je kandidatkinja Tatjana Juki\u0107, prof. iz Zagreba.<\/p>\n<p>&nbsp;<\/p>\n<p style=\"text-align: center;\"><strong>II.<\/strong><\/p>\n<p>S imenovanom radnicom sklopit \u0107e se Ugovor o radu na odre\u0111eno, nepuno radno vrijeme, po\u010dev\u0161i dana 15. prosinca 2017. godine.<\/p>\n<p>&nbsp;<\/p>\n<p style=\"text-align: center;\"><strong>III.<\/strong><\/p>\n<p>Ova \u0107e se Odluka objaviti\u00a0 na internetskoj stranici I. gimnazije.<\/p>\n<p><strong>\u00a0<\/strong><\/p>\n<p style=\"text-align: center;\"><strong>IV.<\/strong><\/p>\n<p>Ova Odluka stupa na snagu danom njezina dono\u0161enja.<\/p>\n<p>&nbsp;<\/p>\n<p>&nbsp;<\/p>\n<p style=\"text-align: right;\">\u00a0 \u00a0 \u00a0 \u00a0 \u00a0 \u00a0 \u00a0 \u00a0 \u00a0 \u00a0 \u00a0 \u00a0 \u00a0 \u00a0 \u00a0 \u00a0 \u00a0 \u00a0 \u00a0 \u00a0 \u00a0 \u00a0 \u00a0 \u00a0 \u00a0 \u00a0 \u00a0 \u00a0 \u00a0 \u00a0 \u00a0 \u00a0 \u00a0 \u00a0 \u00a0 \u00a0 \u00a0 \u00a0 \u00a0 \u00a0 \u00a0 \u00a0 \u00a0 \u00a0 Ravnateljica<\/p>\n<p>&nbsp;<\/p>\n<p style=\"text-align: right;\">Dunja Maru\u0161i\u0107 Brezeti\u0107, prof.<\/p>\n<p>&nbsp;<\/p>\n<p>&nbsp;<\/p>\n","protected":false},"excerpt":{"rendered":"<p>Na temelju odredbe \u010dlanka 114. stavka 1. Zakona o odgoju i obrazovanju u osnovnoj i srednjoj \u0161koli (Narodne novine, br. 87\/08, 86\/09, 92\/10, 105\/10, 90\/11, 5\/12, 16\/12, 86\/12, 126\/12, 94\/13, 152\/14 i 07\/17) te odredbe \u010dlanka 11. Pravilnika o radu I. gimnazije od 28. sije\u010dnja 2015. godine, nakon provedenog natje\u010dajnog postupka, a uz prethodnu suglasnost [&hellip;]<\/p>\n","protected":false},"author":3,"featured_media":0,"comment_status":"closed","ping_status":"closed","sticky":false,"template":"","format":"standard","meta":{"_et_pb_use_builder":"","_et_pb_old_content":"","_et_gb_content_width":"","footnotes":""},"categories":[26],"tags":[],"class_list":["post-2367","post","type-post","status-publish","format-standard","hentry","category-natjecaji"],"_links":{"self":[{"href":"https:\/\/prva.hr\/index.php\/wp-json\/wp\/v2\/posts\/2367","targetHints":{"allow":["GET"]}}],"collection":[{"href":"https:\/\/prva.hr\/index.php\/wp-json\/wp\/v2\/posts"}],"about":[{"href":"https:\/\/prva.hr\/index.php\/wp-json\/wp\/v2\/types\/post"}],"author":[{"embeddable":true,"href":"https:\/\/prva.hr\/index.php\/wp-json\/wp\/v2\/users\/3"}],"replies":[{"embeddable":true,"href":"https:\/\/prva.hr\/index.php\/wp-json\/wp\/v2\/comments?post=2367"}],"version-history":[{"count":1,"href":"https:\/\/prva.hr\/index.php\/wp-json\/wp\/v2\/posts\/2367\/revisions"}],"predecessor-version":[{"id":2368,"href":"https:\/\/prva.hr\/index.php\/wp-json\/wp\/v2\/posts\/2367\/revisions\/2368"}],"wp:attachment":[{"href":"https:\/\/prva.hr\/index.php\/wp-json\/wp\/v2\/media?parent=2367"}],"wp:term":[{"taxonomy":"category","embeddable":true,"href":"https:\/\/prva.hr\/index.php\/wp-json\/wp\/v2\/categories?post=2367"},{"taxonomy":"post_tag","embeddable":true,"href":"https:\/\/prva.hr\/index.php\/wp-json\/wp\/v2\/tags?post=2367"}],"curies":[{"name":"wp","href":"https:\/\/api.w.org\/{rel}","templated":true}]}}