{"id":23982,"date":"2026-04-28T12:21:50","date_gmt":"2026-04-28T10:21:50","guid":{"rendered":"https:\/\/prva.hr\/?p=23982"},"modified":"2026-04-28T12:24:22","modified_gmt":"2026-04-28T10:24:22","slug":"drzavno-natjecanje-iz-latinskog-jezika-3","status":"publish","type":"post","link":"https:\/\/prva.hr\/index.php\/2026\/04\/28\/drzavno-natjecanje-iz-latinskog-jezika-3\/","title":{"rendered":"Dr\u017eavno Natjecanje iz latinskog jezika"},"content":{"rendered":"\n<p>Na dr\u017eavnom Natjecanju iz latinskog jezika odr\u017eanom u Krku od 22. do 24. travnja sudjelovao je Luka Ciprijan iz 2. c razreda. Luka je osvojio 17. mjesto i simpatije mnogih sudionika. Osim po lijepom vremenu i dobrom dru\u0161tvu, ovo \u0107e natjecanje biti zapam\u0107eno\u00a0po cjelono\u0107noj\u00a0partiji biljara, vo\u017enji\u00a0u bizantobusu i profesoru patrijarhu.<\/p>\n\n\n\n<p>\u010cestitamo u\u010deniku i njegovoj mentorici M. \u010cubrani\u0107, prof.!<\/p>\n\n\n\n<p><\/p>\n\n\n\n<figure class=\"wp-block-gallery has-nested-images columns-default is-cropped wp-block-gallery-1 is-layout-flex wp-block-gallery-is-layout-flex\">\n<figure class=\"wp-block-image size-large\"><img decoding=\"async\" width=\"1024\" height=\"768\" data-id=\"23984\" data-src=\"https:\/\/prva.hr\/wp-content\/uploads\/2026\/04\/image-2-1024x768.png\" alt=\"\" class=\"wp-image-23984 lazyload\" data-srcset=\"https:\/\/prva.hr\/wp-content\/uploads\/2026\/04\/image-2-980x735.png 980w, https:\/\/prva.hr\/wp-content\/uploads\/2026\/04\/image-2-480x360.png 480w\" data-sizes=\"(min-width: 0px) and (max-width: 480px) 480px, (min-width: 481px) and (max-width: 980px) 980px, (min-width: 981px) 1024px, 100vw\" src=\"data:image\/svg+xml;base64,PHN2ZyB3aWR0aD0iMSIgaGVpZ2h0PSIxIiB4bWxucz0iaHR0cDovL3d3dy53My5vcmcvMjAwMC9zdmciPjwvc3ZnPg==\" style=\"--smush-placeholder-width: 1024px; --smush-placeholder-aspect-ratio: 1024\/768;\" \/><\/figure>\n\n\n\n<figure class=\"wp-block-image size-large\"><img decoding=\"async\" width=\"576\" height=\"1024\" data-id=\"23985\" data-src=\"https:\/\/prva.hr\/wp-content\/uploads\/2026\/04\/image-1-576x1024.png\" alt=\"\" class=\"wp-image-23985 lazyload\" src=\"data:image\/svg+xml;base64,PHN2ZyB3aWR0aD0iMSIgaGVpZ2h0PSIxIiB4bWxucz0iaHR0cDovL3d3dy53My5vcmcvMjAwMC9zdmciPjwvc3ZnPg==\" style=\"--smush-placeholder-width: 576px; --smush-placeholder-aspect-ratio: 576\/1024;\" \/><\/figure>\n<\/figure>\n\n\n\n<p><\/p>\n\n\n\n<p><\/p>\n\n\n\n<figure class=\"wp-block-image size-large\"><img decoding=\"async\" width=\"1024\" height=\"768\" data-src=\"https:\/\/prva.hr\/wp-content\/uploads\/2026\/04\/image-3-1024x768.png\" alt=\"\" class=\"wp-image-23986 lazyload\" data-srcset=\"https:\/\/prva.hr\/wp-content\/uploads\/2026\/04\/image-3-980x735.png 980w, https:\/\/prva.hr\/wp-content\/uploads\/2026\/04\/image-3-480x360.png 480w\" data-sizes=\"(min-width: 0px) and (max-width: 480px) 480px, (min-width: 481px) and (max-width: 980px) 980px, (min-width: 981px) 1024px, 100vw\" src=\"data:image\/svg+xml;base64,PHN2ZyB3aWR0aD0iMSIgaGVpZ2h0PSIxIiB4bWxucz0iaHR0cDovL3d3dy53My5vcmcvMjAwMC9zdmciPjwvc3ZnPg==\" style=\"--smush-placeholder-width: 1024px; --smush-placeholder-aspect-ratio: 1024\/768;\" \/><\/figure>\n","protected":false},"excerpt":{"rendered":"<p>Na dr\u017eavnom Natjecanju iz latinskog jezika odr\u017eanom u Krku od 22. do 24. travnja sudjelovao je Luka Ciprijan iz 2. c razreda. Luka je osvojio 17. mjesto i simpatije mnogih sudionika. Osim po lijepom vremenu i dobrom dru\u0161tvu, ovo \u0107e natjecanje biti zapam\u0107eno\u00a0po cjelono\u0107noj\u00a0partiji biljara, vo\u017enji\u00a0u bizantobusu i profesoru patrijarhu. \u010cestitamo u\u010deniku i njegovoj mentorici [&hellip;]<\/p>\n","protected":false},"author":7,"featured_media":23983,"comment_status":"closed","ping_status":"closed","sticky":false,"template":"","format":"standard","meta":{"_et_pb_use_builder":"","_et_pb_old_content":"","_et_gb_content_width":"","footnotes":""},"categories":[4,24],"tags":[],"class_list":["post-23982","post","type-post","status-publish","format-standard","has-post-thumbnail","hentry","category-najnovije-vijesti","category-predmetna-natjecanja"],"_links":{"self":[{"href":"https:\/\/prva.hr\/index.php\/wp-json\/wp\/v2\/posts\/23982","targetHints":{"allow":["GET"]}}],"collection":[{"href":"https:\/\/prva.hr\/index.php\/wp-json\/wp\/v2\/posts"}],"about":[{"href":"https:\/\/prva.hr\/index.php\/wp-json\/wp\/v2\/types\/post"}],"author":[{"embeddable":true,"href":"https:\/\/prva.hr\/index.php\/wp-json\/wp\/v2\/users\/7"}],"replies":[{"embeddable":true,"href":"https:\/\/prva.hr\/index.php\/wp-json\/wp\/v2\/comments?post=23982"}],"version-history":[{"count":3,"href":"https:\/\/prva.hr\/index.php\/wp-json\/wp\/v2\/posts\/23982\/revisions"}],"predecessor-version":[{"id":23991,"href":"https:\/\/prva.hr\/index.php\/wp-json\/wp\/v2\/posts\/23982\/revisions\/23991"}],"wp:featuredmedia":[{"embeddable":true,"href":"https:\/\/prva.hr\/index.php\/wp-json\/wp\/v2\/media\/23983"}],"wp:attachment":[{"href":"https:\/\/prva.hr\/index.php\/wp-json\/wp\/v2\/media?parent=23982"}],"wp:term":[{"taxonomy":"category","embeddable":true,"href":"https:\/\/prva.hr\/index.php\/wp-json\/wp\/v2\/categories?post=23982"},{"taxonomy":"post_tag","embeddable":true,"href":"https:\/\/prva.hr\/index.php\/wp-json\/wp\/v2\/tags?post=23982"}],"curies":[{"name":"wp","href":"https:\/\/api.w.org\/{rel}","templated":true}]}}