{"id":23993,"date":"2026-04-28T15:37:25","date_gmt":"2026-04-28T13:37:25","guid":{"rendered":"https:\/\/prva.hr\/?p=23993"},"modified":"2026-04-28T15:37:27","modified_gmt":"2026-04-28T13:37:27","slug":"valja-tuci-zvekirom-buditi-spavaca","status":"publish","type":"post","link":"https:\/\/prva.hr\/index.php\/2026\/04\/28\/valja-tuci-zvekirom-buditi-spavaca\/","title":{"rendered":"&#8220;Valja tu\u0107i zvekirom. Buditi spava\u010da.&#8221;"},"content":{"rendered":"\n<p>\u010citateljski klub Prve o Tinu Ujevi\u0107u u No\u0107i knjige<\/p>\n\n\n\n<p><\/p>\n\n\n\n<p><\/p>\n\n\n\n<figure class=\"wp-block-gallery has-nested-images columns-default is-cropped wp-block-gallery-1 is-layout-flex wp-block-gallery-is-layout-flex\">\n<figure class=\"wp-block-image size-large\"><img decoding=\"async\" width=\"724\" height=\"1024\" data-id=\"23994\" data-src=\"https:\/\/prva.hr\/wp-content\/uploads\/2026\/04\/Untitled-design-2-724x1024.jpg\" alt=\"\" class=\"wp-image-23994 lazyload\" src=\"data:image\/svg+xml;base64,PHN2ZyB3aWR0aD0iMSIgaGVpZ2h0PSIxIiB4bWxucz0iaHR0cDovL3d3dy53My5vcmcvMjAwMC9zdmciPjwvc3ZnPg==\" style=\"--smush-placeholder-width: 724px; --smush-placeholder-aspect-ratio: 724\/1024;\" \/><\/figure>\n<\/figure>\n\n\n\n<p><\/p>\n\n\n\n<p>U petak, 24. travnja, \u010citateljski klub Prve uklju\u010dio se u manifestaciju No\u0107 knjige susretom posve\u0107enim Tin Ujevi\u0107. Razgovarali smo o Tinu kao geniju hrvatskoga pjesni\u0161tva, pjesniku nemirna duha, sna\u017enih emocija i iznimne jezi\u010dne ljepote, \u010diji stihovi i danas zvu\u010de svje\u017ee i izazovno. \u010citaju\u0107i naglas njegove pjesme, otvorili smo teme samo\u0107e, ljubavi, slobode i traganja za smislom te ponovno otkrivali koliko je njegova poezija \u017eiva.<\/p>\n\n\n\n<p>Posebno nas je zaintrigirao i Ujevi\u0107 kao prevoditelj, koji je svojim radom povezivao hrvatsku knji\u017eevnost sa svjetskom i otvarao prostor dijalogu kultura. Govore\u0107i o njegovu bogatom stvarala\u0161tvu, osvijestili smo koliko je bio ne samo veliki pjesnik nego i izniman intelektualac, erudit i posrednik me\u0111u knji\u017eevnim svjetovima.<\/p>\n\n\n\n<p>Susret je protekao u ozra\u010dju razgovora, interpretacije i \u010ditateljske znati\u017eelje \u2014 ba\u0161 onako kako i prili\u010di No\u0107i knjige: slave\u0107i rije\u010d, poeziju i radost \u010ditanja.<\/p>\n\n\n\n<p class=\"has-text-align-right\">Fotografije i tekst: Tinka B. Krsteva, \u0161kolska knji\u017eni\u010darka<\/p>\n","protected":false},"excerpt":{"rendered":"<p>\u010citateljski klub Prve o Tinu Ujevi\u0107u u No\u0107i knjige U petak, 24. travnja, \u010citateljski klub Prve uklju\u010dio se u manifestaciju No\u0107 knjige susretom posve\u0107enim Tin Ujevi\u0107. Razgovarali smo o Tinu kao geniju hrvatskoga pjesni\u0161tva, pjesniku nemirna duha, sna\u017enih emocija i iznimne jezi\u010dne ljepote, \u010diji stihovi i danas zvu\u010de svje\u017ee i izazovno. \u010citaju\u0107i naglas njegove pjesme, [&hellip;]<\/p>\n","protected":false},"author":9,"featured_media":23994,"comment_status":"closed","ping_status":"closed","sticky":false,"template":"","format":"standard","meta":{"_et_pb_use_builder":"","_et_pb_old_content":"","_et_gb_content_width":"","footnotes":""},"categories":[82,80,6,9,4,1],"tags":[83],"class_list":["post-23993","post","type-post","status-publish","format-standard","has-post-thumbnail","hentry","category-aktivnosti-knjiznica-citateljski-klub","category-aktivnosti-knjiznica-obavijesti","category-aktualna-dogadanja","category-arhiva","category-najnovije-vijesti","category-nekategorizirano","tag-noc-knjige"],"_links":{"self":[{"href":"https:\/\/prva.hr\/index.php\/wp-json\/wp\/v2\/posts\/23993","targetHints":{"allow":["GET"]}}],"collection":[{"href":"https:\/\/prva.hr\/index.php\/wp-json\/wp\/v2\/posts"}],"about":[{"href":"https:\/\/prva.hr\/index.php\/wp-json\/wp\/v2\/types\/post"}],"author":[{"embeddable":true,"href":"https:\/\/prva.hr\/index.php\/wp-json\/wp\/v2\/users\/9"}],"replies":[{"embeddable":true,"href":"https:\/\/prva.hr\/index.php\/wp-json\/wp\/v2\/comments?post=23993"}],"version-history":[{"count":7,"href":"https:\/\/prva.hr\/index.php\/wp-json\/wp\/v2\/posts\/23993\/revisions"}],"predecessor-version":[{"id":24001,"href":"https:\/\/prva.hr\/index.php\/wp-json\/wp\/v2\/posts\/23993\/revisions\/24001"}],"wp:featuredmedia":[{"embeddable":true,"href":"https:\/\/prva.hr\/index.php\/wp-json\/wp\/v2\/media\/23994"}],"wp:attachment":[{"href":"https:\/\/prva.hr\/index.php\/wp-json\/wp\/v2\/media?parent=23993"}],"wp:term":[{"taxonomy":"category","embeddable":true,"href":"https:\/\/prva.hr\/index.php\/wp-json\/wp\/v2\/categories?post=23993"},{"taxonomy":"post_tag","embeddable":true,"href":"https:\/\/prva.hr\/index.php\/wp-json\/wp\/v2\/tags?post=23993"}],"curies":[{"name":"wp","href":"https:\/\/api.w.org\/{rel}","templated":true}]}}