{"id":24008,"date":"2026-04-30T11:27:05","date_gmt":"2026-04-30T09:27:05","guid":{"rendered":"https:\/\/prva.hr\/?p=24008"},"modified":"2026-04-30T11:27:07","modified_gmt":"2026-04-30T09:27:07","slug":"drzavno-natjecanje-iz-kemije-2","status":"publish","type":"post","link":"https:\/\/prva.hr\/index.php\/2026\/04\/30\/drzavno-natjecanje-iz-kemije-2\/","title":{"rendered":"Dr\u017eavno Natjecanje iz kemije"},"content":{"rendered":"\n<p>Dr\u017eavno Natjecanje iz kemije odr\u017eano je od 20. do 23. travnja 2026. godine u O\u0160 Meterize u \u0160ibeniku.&nbsp;<\/p>\n\n\n\n<p>Prvu je predstavljao trojac i to u natjecanju u znanju Slavko Biondi\u0107 (1. b) koji je ostvario 12. mjesto i Davor Soka\u010d (2. b) koji je ostvario 9. mjesto te Vito Vidan (2. d) koji je ostvario 3. mjesto u kategoriji Samostalni istra\u017eiva\u010dki rad.<\/p>\n\n\n\n<p>\u010cestitke u\u010denicima i njihovim mentorima Snje\u017eani Liber, prof. i Draganu Ra\u0161i\u0107u, prof.!<\/p>\n\n\n\n<p><\/p>\n\n\n\n<figure class=\"wp-block-gallery has-nested-images columns-default is-cropped wp-block-gallery-1 is-layout-flex wp-block-gallery-is-layout-flex\">\n<figure class=\"wp-block-image size-large\"><img decoding=\"async\" width=\"768\" height=\"1024\" data-id=\"24014\" data-src=\"https:\/\/prva.hr\/wp-content\/uploads\/2026\/04\/IMG-20260421-WA0022-768x1024.jpg\" alt=\"\" class=\"wp-image-24014 lazyload\" src=\"data:image\/svg+xml;base64,PHN2ZyB3aWR0aD0iMSIgaGVpZ2h0PSIxIiB4bWxucz0iaHR0cDovL3d3dy53My5vcmcvMjAwMC9zdmciPjwvc3ZnPg==\" style=\"--smush-placeholder-width: 768px; --smush-placeholder-aspect-ratio: 768\/1024;\" \/><\/figure>\n\n\n\n<figure class=\"wp-block-image size-large\"><img decoding=\"async\" width=\"768\" height=\"1024\" data-id=\"24012\" data-src=\"https:\/\/prva.hr\/wp-content\/uploads\/2026\/04\/IMG-20260421-WA0012-768x1024.jpg\" alt=\"\" class=\"wp-image-24012 lazyload\" src=\"data:image\/svg+xml;base64,PHN2ZyB3aWR0aD0iMSIgaGVpZ2h0PSIxIiB4bWxucz0iaHR0cDovL3d3dy53My5vcmcvMjAwMC9zdmciPjwvc3ZnPg==\" style=\"--smush-placeholder-width: 768px; --smush-placeholder-aspect-ratio: 768\/1024;\" \/><\/figure>\n\n\n\n<figure class=\"wp-block-image size-large\"><img decoding=\"async\" width=\"1024\" height=\"768\" data-id=\"24010\" data-src=\"https:\/\/prva.hr\/wp-content\/uploads\/2026\/04\/IMG-20260421-WA0004-1024x768.jpg\" alt=\"\" class=\"wp-image-24010 lazyload\" data-srcset=\"https:\/\/prva.hr\/wp-content\/uploads\/2026\/04\/IMG-20260421-WA0004-980x735.jpg 980w, https:\/\/prva.hr\/wp-content\/uploads\/2026\/04\/IMG-20260421-WA0004-480x360.jpg 480w\" data-sizes=\"(min-width: 0px) and (max-width: 480px) 480px, (min-width: 481px) and (max-width: 980px) 980px, (min-width: 981px) 1024px, 100vw\" src=\"data:image\/svg+xml;base64,PHN2ZyB3aWR0aD0iMSIgaGVpZ2h0PSIxIiB4bWxucz0iaHR0cDovL3d3dy53My5vcmcvMjAwMC9zdmciPjwvc3ZnPg==\" style=\"--smush-placeholder-width: 1024px; --smush-placeholder-aspect-ratio: 1024\/768;\" \/><\/figure>\n\n\n\n<figure class=\"wp-block-image size-large\"><img decoding=\"async\" width=\"768\" height=\"1024\" data-id=\"24009\" data-src=\"https:\/\/prva.hr\/wp-content\/uploads\/2026\/04\/IMG-20260421-WA0010-768x1024.jpg\" alt=\"\" class=\"wp-image-24009 lazyload\" src=\"data:image\/svg+xml;base64,PHN2ZyB3aWR0aD0iMSIgaGVpZ2h0PSIxIiB4bWxucz0iaHR0cDovL3d3dy53My5vcmcvMjAwMC9zdmciPjwvc3ZnPg==\" style=\"--smush-placeholder-width: 768px; --smush-placeholder-aspect-ratio: 768\/1024;\" \/><\/figure>\n\n\n\n<figure class=\"wp-block-image size-large\"><img decoding=\"async\" width=\"768\" height=\"1024\" data-id=\"24011\" data-src=\"https:\/\/prva.hr\/wp-content\/uploads\/2026\/04\/IMG-20260422-WA0009-768x1024.jpg\" alt=\"\" class=\"wp-image-24011 lazyload\" src=\"data:image\/svg+xml;base64,PHN2ZyB3aWR0aD0iMSIgaGVpZ2h0PSIxIiB4bWxucz0iaHR0cDovL3d3dy53My5vcmcvMjAwMC9zdmciPjwvc3ZnPg==\" style=\"--smush-placeholder-width: 768px; --smush-placeholder-aspect-ratio: 768\/1024;\" \/><\/figure>\n<\/figure>\n","protected":false},"excerpt":{"rendered":"<p>Dr\u017eavno Natjecanje iz kemije odr\u017eano je od 20. do 23. travnja 2026. godine u O\u0160 Meterize u \u0160ibeniku.&nbsp; Prvu je predstavljao trojac i to u natjecanju u znanju Slavko Biondi\u0107 (1. b) koji je ostvario 12. mjesto i Davor Soka\u010d (2. b) koji je ostvario 9. mjesto te Vito Vidan (2. d) koji je ostvario [&hellip;]<\/p>\n","protected":false},"author":7,"featured_media":24013,"comment_status":"closed","ping_status":"closed","sticky":false,"template":"","format":"standard","meta":{"_et_pb_use_builder":"","_et_pb_old_content":"","_et_gb_content_width":"","footnotes":""},"categories":[4,24,1],"tags":[],"class_list":["post-24008","post","type-post","status-publish","format-standard","has-post-thumbnail","hentry","category-najnovije-vijesti","category-predmetna-natjecanja","category-nekategorizirano"],"_links":{"self":[{"href":"https:\/\/prva.hr\/index.php\/wp-json\/wp\/v2\/posts\/24008","targetHints":{"allow":["GET"]}}],"collection":[{"href":"https:\/\/prva.hr\/index.php\/wp-json\/wp\/v2\/posts"}],"about":[{"href":"https:\/\/prva.hr\/index.php\/wp-json\/wp\/v2\/types\/post"}],"author":[{"embeddable":true,"href":"https:\/\/prva.hr\/index.php\/wp-json\/wp\/v2\/users\/7"}],"replies":[{"embeddable":true,"href":"https:\/\/prva.hr\/index.php\/wp-json\/wp\/v2\/comments?post=24008"}],"version-history":[{"count":2,"href":"https:\/\/prva.hr\/index.php\/wp-json\/wp\/v2\/posts\/24008\/revisions"}],"predecessor-version":[{"id":24034,"href":"https:\/\/prva.hr\/index.php\/wp-json\/wp\/v2\/posts\/24008\/revisions\/24034"}],"wp:featuredmedia":[{"embeddable":true,"href":"https:\/\/prva.hr\/index.php\/wp-json\/wp\/v2\/media\/24013"}],"wp:attachment":[{"href":"https:\/\/prva.hr\/index.php\/wp-json\/wp\/v2\/media?parent=24008"}],"wp:term":[{"taxonomy":"category","embeddable":true,"href":"https:\/\/prva.hr\/index.php\/wp-json\/wp\/v2\/categories?post=24008"},{"taxonomy":"post_tag","embeddable":true,"href":"https:\/\/prva.hr\/index.php\/wp-json\/wp\/v2\/tags?post=24008"}],"curies":[{"name":"wp","href":"https:\/\/api.w.org\/{rel}","templated":true}]}}