{"id":2465,"date":"2018-01-22T09:00:20","date_gmt":"2018-01-22T08:00:20","guid":{"rendered":"http:\/\/www.prva.hr\/?p=2465"},"modified":"2018-01-22T09:00:20","modified_gmt":"2018-01-22T08:00:20","slug":"izlozba-bukovac-kao-gradanin-pariza","status":"publish","type":"post","link":"https:\/\/prva.hr\/index.php\/2018\/01\/22\/izlozba-bukovac-kao-gradanin-pariza\/","title":{"rendered":"Izlo\u017eba Bukovac kao gra\u0111anin Pariza"},"content":{"rendered":"<p>Izlo\u017eba pod nazivom <strong>Ciklus Vlaho Bukovac 1\/3 &#8211; pari\u0161ko razdoblje 1877. &#8211; 1893<\/strong>., \u010diji postav prikazuje dio \u017eivota i stvarala\u0161tva Vlahe Bukovca, najzna\u010dajnijeg hrvatskog slikara na prijelazu stolje\u0107a, iz vremena provedenog u Parizu od 1877. do 1893. godine trajat \u0107e <strong>od 18. sije\u010dnja 2018. do 11. o\u017eujka 2018. u Galeriji Klovi\u0107evi dvori<\/strong> koji zajedni\u010dki pripremaju Galerija Klovi\u0107evi dvori iz Zagreba i Ku\u0107a Bukovac iz Cavtata.<\/p>\n","protected":false},"excerpt":{"rendered":"<p>Izlo\u017eba pod nazivom Ciklus Vlaho Bukovac 1\/3 &#8211; pari\u0161ko razdoblje 1877. &#8211; 1893., \u010diji postav prikazuje dio \u017eivota i stvarala\u0161tva Vlahe Bukovca, najzna\u010dajnijeg hrvatskog slikara na prijelazu stolje\u0107a, iz vremena provedenog u Parizu od 1877. do 1893. godine trajat \u0107e od 18. sije\u010dnja 2018. do 11. o\u017eujka 2018. u Galeriji Klovi\u0107evi dvori koji zajedni\u010dki pripremaju [&hellip;]<\/p>\n","protected":false},"author":4,"featured_media":0,"comment_status":"closed","ping_status":"closed","sticky":false,"template":"","format":"standard","meta":{"_et_pb_use_builder":"","_et_pb_old_content":"","_et_gb_content_width":"","footnotes":""},"categories":[14],"tags":[],"class_list":["post-2465","post","type-post","status-publish","format-standard","hentry","category-dogadanja-izvan-skole"],"_links":{"self":[{"href":"https:\/\/prva.hr\/index.php\/wp-json\/wp\/v2\/posts\/2465","targetHints":{"allow":["GET"]}}],"collection":[{"href":"https:\/\/prva.hr\/index.php\/wp-json\/wp\/v2\/posts"}],"about":[{"href":"https:\/\/prva.hr\/index.php\/wp-json\/wp\/v2\/types\/post"}],"author":[{"embeddable":true,"href":"https:\/\/prva.hr\/index.php\/wp-json\/wp\/v2\/users\/4"}],"replies":[{"embeddable":true,"href":"https:\/\/prva.hr\/index.php\/wp-json\/wp\/v2\/comments?post=2465"}],"version-history":[{"count":1,"href":"https:\/\/prva.hr\/index.php\/wp-json\/wp\/v2\/posts\/2465\/revisions"}],"predecessor-version":[{"id":2466,"href":"https:\/\/prva.hr\/index.php\/wp-json\/wp\/v2\/posts\/2465\/revisions\/2466"}],"wp:attachment":[{"href":"https:\/\/prva.hr\/index.php\/wp-json\/wp\/v2\/media?parent=2465"}],"wp:term":[{"taxonomy":"category","embeddable":true,"href":"https:\/\/prva.hr\/index.php\/wp-json\/wp\/v2\/categories?post=2465"},{"taxonomy":"post_tag","embeddable":true,"href":"https:\/\/prva.hr\/index.php\/wp-json\/wp\/v2\/tags?post=2465"}],"curies":[{"name":"wp","href":"https:\/\/api.w.org\/{rel}","templated":true}]}}