{"id":2485,"date":"2018-01-24T14:01:07","date_gmt":"2018-01-24T13:01:07","guid":{"rendered":"http:\/\/www.prva.hr\/?p=2485"},"modified":"2018-01-24T14:01:07","modified_gmt":"2018-01-24T13:01:07","slug":"college-day","status":"publish","type":"post","link":"https:\/\/prva.hr\/index.php\/2018\/01\/24\/college-day\/","title":{"rendered":"College Day\u00a0"},"content":{"rendered":"<p style=\"font-weight: 400;\">RIT Croatia organizira doga\u0111anje\u00a0pod nazivom\u00a0<strong>College Day<\/strong>\u00a0(Dan otvorenih vrata)\u00a0koje\u00a0je namijenjenosrednjo\u0161kolcima koji biraju fakultet i, sigurni smo, imaju mnogo pitanja.<\/p>\n<p style=\"font-weight: 400;\">Odlu\u010dili smo organizirati doga\u0111anje s ciljem da srednjo\u0161kolcima pru\u017eimo mogu\u0107nost da o\u00a0<strong>temama vezanim uz odabir fakulteta\u00a0<\/strong>porazgovaraju sa studentima, savjetnicima za upis te savjetnicima za razvoj karijere.\u00a0Uz sve to, pripremili smo i zanimljive radionice iz podru\u010dja dru\u0161tvenih mre\u017ea\u00a0i\u00a0razvoja mobilnih aplikacija.<\/p>\n<p style=\"font-weight: 400;\">Ovim putem pozivamo\u00a0<strong>u\u010denik<\/strong><strong>e\u00a0tre\u0107ih i \u010detvrtih razreda\u00a0<\/strong>Va\u0161e \u0161kole na\u00a0ovo\u00a0doga\u0111anje\u00a0koji \u0107e se odr\u017eati u\u00a0<strong>petak, 26. sije\u010dnja od 14:30 -1<\/strong><strong>7:30h<\/strong>\u00a0na na\u0161em kampusu u Zagrebu\u00a0(u\u00a0privitku mo\u017eete vidjeti cijeli program radionica).<\/p>\n<p style=\"font-weight: 400;\">Zainteresirani u\u010denici svoj dolazak mogu potvrditi najkasnije do\u00a0<strong>\u010detvrtka 25. sije\u010dnja\u00a0<\/strong>slanjem imena i prezimena, kontakt broja i e-maila na: (<a href=\"mailto:admissions@croatia.rit.edu\"><strong>admissions@croatia.rit.edu<\/strong><\/a><strong>)<\/strong>.<\/p>\n<p>&nbsp;<\/p>\n<p><a href=\"http:\/\/www.prva.hr\/wp-content\/uploads\/2018\/01\/ZGB_COLLEGE_DAY_PROGRAM.pdf\">ZGB_COLLEGE_DAY_PROGRAM<\/a><\/p>\n","protected":false},"excerpt":{"rendered":"<p>RIT Croatia organizira doga\u0111anje\u00a0pod nazivom\u00a0College Day\u00a0(Dan otvorenih vrata)\u00a0koje\u00a0je namijenjenosrednjo\u0161kolcima koji biraju fakultet i, sigurni smo, imaju mnogo pitanja. Odlu\u010dili smo organizirati doga\u0111anje s ciljem da srednjo\u0161kolcima pru\u017eimo mogu\u0107nost da o\u00a0temama vezanim uz odabir fakulteta\u00a0porazgovaraju sa studentima, savjetnicima za upis te savjetnicima za razvoj karijere.\u00a0Uz sve to, pripremili smo i zanimljive radionice iz podru\u010dja dru\u0161tvenih mre\u017ea\u00a0i\u00a0razvoja [&hellip;]<\/p>\n","protected":false},"author":4,"featured_media":0,"comment_status":"closed","ping_status":"closed","sticky":false,"template":"","format":"standard","meta":{"_et_pb_use_builder":"","_et_pb_old_content":"","_et_gb_content_width":"","footnotes":""},"categories":[14],"tags":[],"class_list":["post-2485","post","type-post","status-publish","format-standard","hentry","category-dogadanja-izvan-skole"],"_links":{"self":[{"href":"https:\/\/prva.hr\/index.php\/wp-json\/wp\/v2\/posts\/2485","targetHints":{"allow":["GET"]}}],"collection":[{"href":"https:\/\/prva.hr\/index.php\/wp-json\/wp\/v2\/posts"}],"about":[{"href":"https:\/\/prva.hr\/index.php\/wp-json\/wp\/v2\/types\/post"}],"author":[{"embeddable":true,"href":"https:\/\/prva.hr\/index.php\/wp-json\/wp\/v2\/users\/4"}],"replies":[{"embeddable":true,"href":"https:\/\/prva.hr\/index.php\/wp-json\/wp\/v2\/comments?post=2485"}],"version-history":[{"count":1,"href":"https:\/\/prva.hr\/index.php\/wp-json\/wp\/v2\/posts\/2485\/revisions"}],"predecessor-version":[{"id":2487,"href":"https:\/\/prva.hr\/index.php\/wp-json\/wp\/v2\/posts\/2485\/revisions\/2487"}],"wp:attachment":[{"href":"https:\/\/prva.hr\/index.php\/wp-json\/wp\/v2\/media?parent=2485"}],"wp:term":[{"taxonomy":"category","embeddable":true,"href":"https:\/\/prva.hr\/index.php\/wp-json\/wp\/v2\/categories?post=2485"},{"taxonomy":"post_tag","embeddable":true,"href":"https:\/\/prva.hr\/index.php\/wp-json\/wp\/v2\/tags?post=2485"}],"curies":[{"name":"wp","href":"https:\/\/api.w.org\/{rel}","templated":true}]}}