{"id":24863,"date":"2026-09-01T14:53:47","date_gmt":"2026-09-01T12:53:47","guid":{"rendered":"https:\/\/prva.hr\/?p=24863"},"modified":"2026-09-01T14:57:45","modified_gmt":"2026-09-01T12:57:45","slug":"velika-zahvalnica-fer-a-za-i-gimnaziju","status":"publish","type":"post","link":"https:\/\/prva.hr\/index.php\/2026\/09\/01\/velika-zahvalnica-fer-a-za-i-gimnaziju\/","title":{"rendered":"Velika zahvalnica FER-a za I. gimnaziju"},"content":{"rendered":"\n<p>I ove godine je I. gimnazija me\u0111u \u0161kolama kojima je Fakultet elektrotehnike i ra\u010dunarstva dodijelio zahvalnicu za istaknuti doprinos u srednjo\u0161kolskom obrazovanju studenata njihovog fakulteta. I ove godine radi se o velikoj zahvalnici, kategoriji koju je zaslu\u017eilo tek 10-ak \u0161kola u Hrvatskoj. <\/p>\n\n\n\n<p>Svaka \u010dast na\u0161im biv\u0161im u\u010denicima koji su svojim uspjehom na FER-u omogu\u0107ili ovako presti\u017eno priznanje I. gimnaziji!<\/p>\n\n\n\n<p><\/p>\n\n\n\n<figure class=\"wp-block-image size-large\"><img decoding=\"async\" width=\"768\" height=\"1024\" data-src=\"https:\/\/prva.hr\/wp-content\/uploads\/2026\/09\/IMG-20260901-WA0007-768x1024.jpg\" alt=\"\" class=\"wp-image-24864 lazyload\" src=\"data:image\/svg+xml;base64,PHN2ZyB3aWR0aD0iMSIgaGVpZ2h0PSIxIiB4bWxucz0iaHR0cDovL3d3dy53My5vcmcvMjAwMC9zdmciPjwvc3ZnPg==\" style=\"--smush-placeholder-width: 768px; --smush-placeholder-aspect-ratio: 768\/1024;\" \/><\/figure>\n\n\n\n<figure class=\"wp-block-image size-large\"><img decoding=\"async\" width=\"768\" height=\"1024\" data-src=\"https:\/\/prva.hr\/wp-content\/uploads\/2026\/09\/IMG-20260901-WA0006-768x1024.jpg\" alt=\"\" class=\"wp-image-24868 lazyload\" src=\"data:image\/svg+xml;base64,PHN2ZyB3aWR0aD0iMSIgaGVpZ2h0PSIxIiB4bWxucz0iaHR0cDovL3d3dy53My5vcmcvMjAwMC9zdmciPjwvc3ZnPg==\" style=\"--smush-placeholder-width: 768px; --smush-placeholder-aspect-ratio: 768\/1024;\" \/><\/figure>\n\n\n\n<figure class=\"wp-block-image size-large\"><img decoding=\"async\" width=\"768\" height=\"1024\" data-src=\"https:\/\/prva.hr\/wp-content\/uploads\/2026\/09\/20260901_092551-768x1024.jpg\" alt=\"\" class=\"wp-image-24869 lazyload\" src=\"data:image\/svg+xml;base64,PHN2ZyB3aWR0aD0iMSIgaGVpZ2h0PSIxIiB4bWxucz0iaHR0cDovL3d3dy53My5vcmcvMjAwMC9zdmciPjwvc3ZnPg==\" style=\"--smush-placeholder-width: 768px; --smush-placeholder-aspect-ratio: 768\/1024;\" \/><\/figure>\n","protected":false},"excerpt":{"rendered":"<p>I ove godine je I. gimnazija me\u0111u \u0161kolama kojima je Fakultet elektrotehnike i ra\u010dunarstva dodijelio zahvalnicu za istaknuti doprinos u srednjo\u0161kolskom obrazovanju studenata njihovog fakulteta. I ove godine radi se o velikoj zahvalnici, kategoriji koju je zaslu\u017eilo tek 10-ak \u0161kola u Hrvatskoj. Svaka \u010dast na\u0161im biv\u0161im u\u010denicima koji su svojim uspjehom na FER-u omogu\u0107ili ovako [&hellip;]<\/p>\n","protected":false},"author":2,"featured_media":24864,"comment_status":"closed","ping_status":"closed","sticky":false,"template":"","format":"standard","meta":{"_et_pb_use_builder":"","_et_pb_old_content":"","_et_gb_content_width":"","footnotes":""},"categories":[4,32],"tags":[],"class_list":["post-24863","post","type-post","status-publish","format-standard","has-post-thumbnail","hentry","category-najnovije-vijesti","category-o-skoli-nagrade-i-priznanja"],"_links":{"self":[{"href":"https:\/\/prva.hr\/index.php\/wp-json\/wp\/v2\/posts\/24863","targetHints":{"allow":["GET"]}}],"collection":[{"href":"https:\/\/prva.hr\/index.php\/wp-json\/wp\/v2\/posts"}],"about":[{"href":"https:\/\/prva.hr\/index.php\/wp-json\/wp\/v2\/types\/post"}],"author":[{"embeddable":true,"href":"https:\/\/prva.hr\/index.php\/wp-json\/wp\/v2\/users\/2"}],"replies":[{"embeddable":true,"href":"https:\/\/prva.hr\/index.php\/wp-json\/wp\/v2\/comments?post=24863"}],"version-history":[{"count":2,"href":"https:\/\/prva.hr\/index.php\/wp-json\/wp\/v2\/posts\/24863\/revisions"}],"predecessor-version":[{"id":24870,"href":"https:\/\/prva.hr\/index.php\/wp-json\/wp\/v2\/posts\/24863\/revisions\/24870"}],"wp:featuredmedia":[{"embeddable":true,"href":"https:\/\/prva.hr\/index.php\/wp-json\/wp\/v2\/media\/24864"}],"wp:attachment":[{"href":"https:\/\/prva.hr\/index.php\/wp-json\/wp\/v2\/media?parent=24863"}],"wp:term":[{"taxonomy":"category","embeddable":true,"href":"https:\/\/prva.hr\/index.php\/wp-json\/wp\/v2\/categories?post=24863"},{"taxonomy":"post_tag","embeddable":true,"href":"https:\/\/prva.hr\/index.php\/wp-json\/wp\/v2\/tags?post=24863"}],"curies":[{"name":"wp","href":"https:\/\/api.w.org\/{rel}","templated":true}]}}