{"id":24875,"date":"2026-09-02T13:53:19","date_gmt":"2026-09-02T11:53:19","guid":{"rendered":"https:\/\/prva.hr\/?p=24875"},"modified":"2026-09-02T13:53:23","modified_gmt":"2026-09-02T11:53:23","slug":"vazne-obavijesti-za-pocetak-nove-skolske-godine-2026-2027","status":"publish","type":"post","link":"https:\/\/prva.hr\/index.php\/2026\/09\/02\/vazne-obavijesti-za-pocetak-nove-skolske-godine-2026-2027\/","title":{"rendered":"VA\u017dNE OBAVIJESTI ZA PO\u010cETAK NOVE \u0160KOLSKE GODINE 2026.\/2027."},"content":{"rendered":"\n<p>Nastavna godina zapo\u010dinje u ponedjeljak, 7. rujna i to prema sljede\u0107em rasporedu:<\/p>\n\n\n\n<p>8,00 sati \u2013 1. razredi u kinodvorani \u0161kole (prizemlje lijevo)<\/p>\n\n\n\n<p>8,50 sati \u2013 Sat razrednika (1., 2., 3. i 4. razredi) \u2013 u u\u010dionicama prema rasporedu koji se mo\u017ee pogledati <a href=\"https:\/\/prva.hr\/wp-content\/uploads\/2026\/09\/SAT-RAZREDNIKA-POPIS-UCIONICA.docx\">ovdje.<\/a><\/p>\n\n\n\n<p>Raspored doga\u0111anja za prvi dan nastave za sve u\u010denike mo\u017eete pogledati\u00a0<a href=\"https:\/\/prva.hr\/wp-content\/uploads\/2026\/09\/RASPORED-DOGADANJA-ZA-PRVI-NASTAVNI-DAN-1.docx\">ovdje.<\/a><\/p>\n\n\n\n<p>Popis u\u010denika\u00a0<strong>prvih razreda<\/strong>\u00a0raspore\u0111enih po razrednim odjelima bit \u0107e izvje\u0161en na oglasnoj plo\u010di u petak, 4. rujna u holu \u0161kole.<\/p>\n\n\n\n<p>Informacije vezane za preuzimanje ud\u017ebenika za u\u010denike 1. razreda i povrat ud\u017ebenika 2. razreda mo\u017eete pogledati\u00a0<a href=\"https:\/\/prva.hr\/wp-content\/uploads\/2026\/09\/primopredaja_udzbenika_rujan_2026_info.docx\">ovdje.<\/a><\/p>\n","protected":false},"excerpt":{"rendered":"<p>Nastavna godina zapo\u010dinje u ponedjeljak, 7. rujna i to prema sljede\u0107em rasporedu: 8,00 sati \u2013 1. razredi u kinodvorani \u0161kole (prizemlje lijevo) 8,50 sati \u2013 Sat razrednika (1., 2., 3. i 4. razredi) \u2013 u u\u010dionicama prema rasporedu koji se mo\u017ee pogledati ovdje. Raspored doga\u0111anja za prvi dan nastave za sve u\u010denike mo\u017eete pogledati\u00a0ovdje. Popis [&hellip;]<\/p>\n","protected":false},"author":11,"featured_media":0,"comment_status":"closed","ping_status":"closed","sticky":false,"template":"","format":"standard","meta":{"_et_pb_use_builder":"","_et_pb_old_content":"","_et_gb_content_width":"","footnotes":""},"categories":[4],"tags":[],"class_list":["post-24875","post","type-post","status-publish","format-standard","hentry","category-najnovije-vijesti"],"_links":{"self":[{"href":"https:\/\/prva.hr\/index.php\/wp-json\/wp\/v2\/posts\/24875","targetHints":{"allow":["GET"]}}],"collection":[{"href":"https:\/\/prva.hr\/index.php\/wp-json\/wp\/v2\/posts"}],"about":[{"href":"https:\/\/prva.hr\/index.php\/wp-json\/wp\/v2\/types\/post"}],"author":[{"embeddable":true,"href":"https:\/\/prva.hr\/index.php\/wp-json\/wp\/v2\/users\/11"}],"replies":[{"embeddable":true,"href":"https:\/\/prva.hr\/index.php\/wp-json\/wp\/v2\/comments?post=24875"}],"version-history":[{"count":1,"href":"https:\/\/prva.hr\/index.php\/wp-json\/wp\/v2\/posts\/24875\/revisions"}],"predecessor-version":[{"id":24884,"href":"https:\/\/prva.hr\/index.php\/wp-json\/wp\/v2\/posts\/24875\/revisions\/24884"}],"wp:attachment":[{"href":"https:\/\/prva.hr\/index.php\/wp-json\/wp\/v2\/media?parent=24875"}],"wp:term":[{"taxonomy":"category","embeddable":true,"href":"https:\/\/prva.hr\/index.php\/wp-json\/wp\/v2\/categories?post=24875"},{"taxonomy":"post_tag","embeddable":true,"href":"https:\/\/prva.hr\/index.php\/wp-json\/wp\/v2\/tags?post=24875"}],"curies":[{"name":"wp","href":"https:\/\/api.w.org\/{rel}","templated":true}]}}