{"id":24906,"date":"2026-09-04T11:28:15","date_gmt":"2026-09-04T09:28:15","guid":{"rendered":"https:\/\/prva.hr\/?p=24906"},"modified":"2026-09-04T11:28:17","modified_gmt":"2026-09-04T09:28:17","slug":"ucenici-prve-na-ljetnoj-skoli-robotike","status":"publish","type":"post","link":"https:\/\/prva.hr\/index.php\/2026\/09\/04\/ucenici-prve-na-ljetnoj-skoli-robotike\/","title":{"rendered":"U\u010denici Prve na Ljetnoj \u0161koli robotike"},"content":{"rendered":"\n<p>U sklopu <strong>aktivnosti poticanja darovitosti<\/strong>, u\u010denici I. gimnazije Bruna \u0106atipovi\u0107 i Adrian Ronan  Gabri\u0161 iz 3.a i Aurora Crnkovi\u0107 iz 1. e sudjelovali su na<strong>&nbsp;Ljetnoj  \u0161kole robotike za srednjo\u0161kolce<\/strong>&nbsp;u organizaciji&nbsp;<a href=\"http:\/\/inetec.hr\/\" target=\"_blank\" rel=\"noreferrer noopener\">I<\/a>NTEC-Institut za nuklearnu tehnologiju.<\/p>\n\n\n\n<p>Program Ljetne \u0161kole robotike by INETEC odvijao se u&nbsp;<strong>dva termina<\/strong>&nbsp;u trajanju od dva tjedna.<\/p>\n\n\n\n<p>Prvi tjedan \u2013 od 15. do 19.06.2026. \/ od 24. do 28.08.2026.<\/p>\n\n\n\n<p>Dan 1: Osnove elektrotehnike<br>Dan 2: Digitalno upravljanje i pogoni<br>Dan 3: Analogna tehnika, projekt izrade analogne i digitalne verzije karnevalske igre<br>Dan 4: Mehanika i konstruiranje<br>Dan 5: 3D modeliranje<\/p>\n\n\n\n<p>Drugi tjedan \u2013 od 23. do 26.06.2026. \/ od 31.08. do 04.09.2026.<\/p>\n\n\n\n<p>Dan 1: Programiranje mikrokontrolera<br>Dan 2: Osnove be\u017ei\u010dne komunikacije, projekt izrade ure\u0111aja za kontrolu pristupa<br>Dan 3: Osnove komunikacijskih protokola<br>Dan 4: Osnove kora\u010dnih motora, programiranje i regulacija<br>Dan 5: Izrada modela kora\u010dnog motora<\/p>\n\n\n\n<p><\/p>\n\n\n\n<p>Program Ljetne \u0161kole robotike odvijao se u&nbsp;dva termina&nbsp;u trajanju od dva tjedna tijekom ljeta s temama:&nbsp;Osnove elektrotehnike,&nbsp;&nbsp;3D modeliranje,&nbsp;&nbsp;Programiranje mikrokontrolera,&nbsp;Osnove be\u017ei\u010dne komunikacije, Projekt izrade ure\u0111aja za kontrolu pristupa i sl.<\/p>\n\n\n\n<p>Ljetna \u0161kola robotike samo je jedna od preko 60 aktivnosti iz \u0160kolskog programa poticanja darovitosti koje je  I. gimnazija provela tijekom \u0161k. god. 2025.\/26. <\/p>\n\n\n\n<p>Vlasta Luka\u010devi\u0107, \u0161kolska psihologinja<\/p>\n\n\n\n<p><\/p>\n\n\n\n<figure class=\"wp-block-image size-large is-resized\"><img decoding=\"async\" width=\"461\" height=\"1024\" data-src=\"https:\/\/prva.hr\/wp-content\/uploads\/2026\/09\/137154-461x1024.jpg\" alt=\"\" class=\"wp-image-24910 lazyload\" style=\"--smush-placeholder-width: 461px; --smush-placeholder-aspect-ratio: 461\/1024;width:237px;height:auto\" src=\"data:image\/svg+xml;base64,PHN2ZyB3aWR0aD0iMSIgaGVpZ2h0PSIxIiB4bWxucz0iaHR0cDovL3d3dy53My5vcmcvMjAwMC9zdmciPjwvc3ZnPg==\" \/><\/figure>\n","protected":false},"excerpt":{"rendered":"<p>U sklopu aktivnosti poticanja darovitosti, u\u010denici I. gimnazije Bruna \u0106atipovi\u0107 i Adrian Ronan Gabri\u0161 iz 3.a i Aurora Crnkovi\u0107 iz 1. e sudjelovali su na&nbsp;Ljetnoj \u0161kole robotike za srednjo\u0161kolce&nbsp;u organizaciji&nbsp;INTEC-Institut za nuklearnu tehnologiju. Program Ljetne \u0161kole robotike by INETEC odvijao se u&nbsp;dva termina&nbsp;u trajanju od dva tjedna. Prvi tjedan \u2013 od 15. do 19.06.2026. \/ [&hellip;]<\/p>\n","protected":false},"author":6,"featured_media":24907,"comment_status":"closed","ping_status":"closed","sticky":false,"template":"","format":"standard","meta":{"_et_pb_use_builder":"","_et_pb_old_content":"","_et_gb_content_width":"","footnotes":""},"categories":[5,65],"tags":[],"class_list":["post-24906","post","type-post","status-publish","format-standard","has-post-thumbnail","hentry","category-aktivnosti","category-aktivnosti-projekti-promicanje-izvrsnosti"],"_links":{"self":[{"href":"https:\/\/prva.hr\/index.php\/wp-json\/wp\/v2\/posts\/24906","targetHints":{"allow":["GET"]}}],"collection":[{"href":"https:\/\/prva.hr\/index.php\/wp-json\/wp\/v2\/posts"}],"about":[{"href":"https:\/\/prva.hr\/index.php\/wp-json\/wp\/v2\/types\/post"}],"author":[{"embeddable":true,"href":"https:\/\/prva.hr\/index.php\/wp-json\/wp\/v2\/users\/6"}],"replies":[{"embeddable":true,"href":"https:\/\/prva.hr\/index.php\/wp-json\/wp\/v2\/comments?post=24906"}],"version-history":[{"count":4,"href":"https:\/\/prva.hr\/index.php\/wp-json\/wp\/v2\/posts\/24906\/revisions"}],"predecessor-version":[{"id":24913,"href":"https:\/\/prva.hr\/index.php\/wp-json\/wp\/v2\/posts\/24906\/revisions\/24913"}],"wp:featuredmedia":[{"embeddable":true,"href":"https:\/\/prva.hr\/index.php\/wp-json\/wp\/v2\/media\/24907"}],"wp:attachment":[{"href":"https:\/\/prva.hr\/index.php\/wp-json\/wp\/v2\/media?parent=24906"}],"wp:term":[{"taxonomy":"category","embeddable":true,"href":"https:\/\/prva.hr\/index.php\/wp-json\/wp\/v2\/categories?post=24906"},{"taxonomy":"post_tag","embeddable":true,"href":"https:\/\/prva.hr\/index.php\/wp-json\/wp\/v2\/tags?post=24906"}],"curies":[{"name":"wp","href":"https:\/\/api.w.org\/{rel}","templated":true}]}}