{"id":2592,"date":"2018-02-05T14:46:03","date_gmt":"2018-02-05T13:46:03","guid":{"rendered":"http:\/\/www.prva.hr\/?p=2592"},"modified":"2018-02-05T14:46:03","modified_gmt":"2018-02-05T13:46:03","slug":"projekt-ponos-domovine","status":"publish","type":"post","link":"https:\/\/prva.hr\/index.php\/2018\/02\/05\/projekt-ponos-domovine\/","title":{"rendered":"Projekt Ponos domovine"},"content":{"rendered":"<p>Udruga Ponos domovine ove \u0161kolske godine posljednji puta provodi istoimeni projekt namijenjen u\u010denicima srednjih \u0161kola. Kao i proteklih godina pokrovitelj je predsjednice Republike Hrvatske Kolinda Grabar Kitarovi\u0107, a radi se o provjeri znanja u\u010denika iz Domovinskog rata i odgoja, Hrvatske povijesti, znanosti, sporta, kulture, religije i ostalih pozitivnih dru\u0161tvenih vrijednosti. Natjecanje zapo\u010dinje putem interneta u \u010detvrtak, 01. o\u017eujka i dovoljno je samo u nazna\u010deno vrijeme rije\u0161iti eliminacijski test uz prethodno upisivanje AAI@Edu identiteta dobivenog od CARNeta.<\/p>\n<p>Najbolji u\u010denici stje\u010du pravo formiranja tro\u010dlanih ekipa koje se potom natje\u010du u poluzavr\u0161nicama, a uz znanje natjecatelji \u0107e se oku\u0161ati i u sportskim natjecanjima i vje\u0161tinama. Poluzavr\u0161nice su predvi\u0111ene u II gimnaziji Vara\u017edin, Srednjoj \u0161koli Delnice, Tehni\u010dkoj \u0161koli Nikola Tesla Vukovar, Gimnaziji Sesvete i Turisti\u010dko-ugostiteljskoj \u0161koli Split. Dvije najuspje\u0161nije ekipe sa svakog poluzavr\u0161nog natjecanja te dvije iz Bosne i Hercegovine sudjelovat \u0107e krajem travnja na trodnevnom zavr\u0161nom natjecanju u Zagrebu. Pobjedni\u010dke ekipe i njihove profesore o\u010dekuju vrijedne nagrade, medalje i plakete, a pobjednike i laskavi naziv Ponos domovine &#8217;18!<\/p>\n<p>U zavr\u0161nici ekipe uz provjeru teorijskog znanja i tjelesnih sposobnosti izra\u0111uju i projektni zadatak, a nagrade se dodjeljuju na Oltaru domovine. Najuspje\u0161niji pojedinac dodatno se nagra\u0111uje ru\u010dnim satom koji dodjeljuje pokroviteljica natjecanja. Vi\u0161e o svemu zainteresirani mogu saznati na \u00a0web i faceboook stranici natjecanja.<\/p>\n","protected":false},"excerpt":{"rendered":"<p>Udruga Ponos domovine ove \u0161kolske godine posljednji puta provodi istoimeni projekt namijenjen u\u010denicima srednjih \u0161kola. Kao i proteklih godina pokrovitelj je predsjednice Republike Hrvatske Kolinda Grabar Kitarovi\u0107, a radi se o provjeri znanja u\u010denika iz Domovinskog rata i odgoja, Hrvatske povijesti, znanosti, sporta, kulture, religije i ostalih pozitivnih dru\u0161tvenih vrijednosti. Natjecanje zapo\u010dinje putem interneta u [&hellip;]<\/p>\n","protected":false},"author":4,"featured_media":0,"comment_status":"closed","ping_status":"closed","sticky":false,"template":"","format":"standard","meta":{"_et_pb_use_builder":"","_et_pb_old_content":"","_et_gb_content_width":"","footnotes":""},"categories":[14],"tags":[],"class_list":["post-2592","post","type-post","status-publish","format-standard","hentry","category-dogadanja-izvan-skole"],"_links":{"self":[{"href":"https:\/\/prva.hr\/index.php\/wp-json\/wp\/v2\/posts\/2592","targetHints":{"allow":["GET"]}}],"collection":[{"href":"https:\/\/prva.hr\/index.php\/wp-json\/wp\/v2\/posts"}],"about":[{"href":"https:\/\/prva.hr\/index.php\/wp-json\/wp\/v2\/types\/post"}],"author":[{"embeddable":true,"href":"https:\/\/prva.hr\/index.php\/wp-json\/wp\/v2\/users\/4"}],"replies":[{"embeddable":true,"href":"https:\/\/prva.hr\/index.php\/wp-json\/wp\/v2\/comments?post=2592"}],"version-history":[{"count":1,"href":"https:\/\/prva.hr\/index.php\/wp-json\/wp\/v2\/posts\/2592\/revisions"}],"predecessor-version":[{"id":2593,"href":"https:\/\/prva.hr\/index.php\/wp-json\/wp\/v2\/posts\/2592\/revisions\/2593"}],"wp:attachment":[{"href":"https:\/\/prva.hr\/index.php\/wp-json\/wp\/v2\/media?parent=2592"}],"wp:term":[{"taxonomy":"category","embeddable":true,"href":"https:\/\/prva.hr\/index.php\/wp-json\/wp\/v2\/categories?post=2592"},{"taxonomy":"post_tag","embeddable":true,"href":"https:\/\/prva.hr\/index.php\/wp-json\/wp\/v2\/tags?post=2592"}],"curies":[{"name":"wp","href":"https:\/\/api.w.org\/{rel}","templated":true}]}}