{"id":2649,"date":"2018-02-12T15:15:28","date_gmt":"2018-02-12T14:15:28","guid":{"rendered":"http:\/\/www.prva.hr\/?p=2649"},"modified":"2018-02-12T15:15:28","modified_gmt":"2018-02-12T14:15:28","slug":"dani-otvorenih-vrata-filozofskog-fakulteta-u-zagrebu","status":"publish","type":"post","link":"https:\/\/prva.hr\/index.php\/2018\/02\/12\/dani-otvorenih-vrata-filozofskog-fakulteta-u-zagrebu\/","title":{"rendered":"Dani otvorenih vrata Filozofskog fakulteta u Zagrebu"},"content":{"rendered":"<p>Filozofski fakultet Sveu\u010dili\u0161ta u Zagrebu 23. i 24. velja\u010de 2018. organizira po prvi puta Dane otvorenih vrata s ciljem \u0161to boljeg informiranja maturanata o svojim studijskim programima i budu\u0107im karijernim<br \/>\nmogu\u0107nostima. U sklopu Dana otvorenih vrata maturanti \u0107e mo\u0107i poslu\u0161ati zanimljiva popularno-znanstvena predavanja, sudjelovati u razli\u010ditim radionicama i demonstracijama, natjecati se u kvizu, razgovarati s poznatim<br \/>\nbiv\u0161im studentima Filozofskog fakulteta koji su ostvarili uspje\u0161ne karijere u razli\u010ditim djelatnostima i jo\u0161 puno toga.<\/p>\n<p>Vi\u0161e informacija o samom doga\u0111aju i programu mo\u017eete prona\u0107i ovdje:\u00a0<a href=\"http:\/\/dov.ffzg.unizg.hr\/\" target=\"_blank\" rel=\"noopener noreferrer\" data-saferedirecturl=\"https:\/\/www.google.com\/url?hl=hr&amp;q=http:\/\/dov.ffzg.unizg.hr&amp;source=gmail&amp;ust=1518527358903000&amp;usg=AFQjCNH7O8XJQrm4kYnWs5_YVySyHEIUxA\">dov.ffzg.unizg.hr<\/a><\/p>\n","protected":false},"excerpt":{"rendered":"<p>Filozofski fakultet Sveu\u010dili\u0161ta u Zagrebu 23. i 24. velja\u010de 2018. organizira po prvi puta Dane otvorenih vrata s ciljem \u0161to boljeg informiranja maturanata o svojim studijskim programima i budu\u0107im karijernim mogu\u0107nostima. U sklopu Dana otvorenih vrata maturanti \u0107e mo\u0107i poslu\u0161ati zanimljiva popularno-znanstvena predavanja, sudjelovati u razli\u010ditim radionicama i demonstracijama, natjecati se u kvizu, razgovarati s [&hellip;]<\/p>\n","protected":false},"author":4,"featured_media":0,"comment_status":"closed","ping_status":"closed","sticky":false,"template":"","format":"standard","meta":{"_et_pb_use_builder":"","_et_pb_old_content":"","_et_gb_content_width":"","footnotes":""},"categories":[14],"tags":[],"class_list":["post-2649","post","type-post","status-publish","format-standard","hentry","category-dogadanja-izvan-skole"],"_links":{"self":[{"href":"https:\/\/prva.hr\/index.php\/wp-json\/wp\/v2\/posts\/2649","targetHints":{"allow":["GET"]}}],"collection":[{"href":"https:\/\/prva.hr\/index.php\/wp-json\/wp\/v2\/posts"}],"about":[{"href":"https:\/\/prva.hr\/index.php\/wp-json\/wp\/v2\/types\/post"}],"author":[{"embeddable":true,"href":"https:\/\/prva.hr\/index.php\/wp-json\/wp\/v2\/users\/4"}],"replies":[{"embeddable":true,"href":"https:\/\/prva.hr\/index.php\/wp-json\/wp\/v2\/comments?post=2649"}],"version-history":[{"count":1,"href":"https:\/\/prva.hr\/index.php\/wp-json\/wp\/v2\/posts\/2649\/revisions"}],"predecessor-version":[{"id":2650,"href":"https:\/\/prva.hr\/index.php\/wp-json\/wp\/v2\/posts\/2649\/revisions\/2650"}],"wp:attachment":[{"href":"https:\/\/prva.hr\/index.php\/wp-json\/wp\/v2\/media?parent=2649"}],"wp:term":[{"taxonomy":"category","embeddable":true,"href":"https:\/\/prva.hr\/index.php\/wp-json\/wp\/v2\/categories?post=2649"},{"taxonomy":"post_tag","embeddable":true,"href":"https:\/\/prva.hr\/index.php\/wp-json\/wp\/v2\/tags?post=2649"}],"curies":[{"name":"wp","href":"https:\/\/api.w.org\/{rel}","templated":true}]}}