{"id":2765,"date":"2018-02-21T09:32:00","date_gmt":"2018-02-21T08:32:00","guid":{"rendered":"http:\/\/www.prva.hr\/?p=2765"},"modified":"2018-02-26T12:57:38","modified_gmt":"2018-02-26T11:57:38","slug":"tribina-o-odlasku-mladih-iz-hrvatske","status":"publish","type":"post","link":"https:\/\/prva.hr\/index.php\/2018\/02\/21\/tribina-o-odlasku-mladih-iz-hrvatske\/","title":{"rendered":"Tribina o odlasku mladih iz Hrvatske"},"content":{"rendered":"<p style=\"font-weight: 400;\">20. o\u017eujka 2018. u 19.30 sati u 18. gimnaziji,\u00a0<a href=\"https:\/\/maps.google.com\/?q=Mesi%C4%87eva+35&amp;entry=gmail&amp;source=g\">Mesi\u0107eva 35<\/a>\u00a0na \u0160alati odr\u017eat \u0107e se\u00a0tribina o odlasku mladih iz Hrvatske pod nazivom &#8220;PUN KUFER&#8221;<\/p>\n<p style=\"font-weight: 400;\">Tribina18 je projekt retori\u010dara 18. gimnazije koji osigurava dio javnog prostora za raspravu o aktualnim problemima mladih.<\/p>\n<p style=\"font-weight: 400;\">Cilj ovog projekta je informirati javnost o aktualnim problemima mladih te ih potaknuti da se kroz raspravu aktivno uklju\u010de u njihovo rije\u0161avanje.<\/p>\n<p style=\"font-weight: 400;\">Dodatne informacije mo\u017eete na\u0107i i na facebook stranici\u00a0<a href=\"https:\/\/www.facebook.com\/tribina18?fref=ts\" data-saferedirecturl=\"https:\/\/www.google.com\/url?hl=hr&amp;q=https:\/\/www.facebook.com\/tribina18?fref%3Dts&amp;source=gmail&amp;ust=1519285449518000&amp;usg=AFQjCNFJHk7GXMS9-5nMiyQYooU6_7iUOw\">https:\/\/www.facebook.com\/tribina18?fref=ts<\/a>\u00a0.<\/p>\n<p style=\"font-weight: 400;\">\n","protected":false},"excerpt":{"rendered":"<p>20. o\u017eujka 2018. u 19.30 sati u 18. gimnaziji,\u00a0Mesi\u0107eva 35\u00a0na \u0160alati odr\u017eat \u0107e se\u00a0tribina o odlasku mladih iz Hrvatske pod nazivom &#8220;PUN KUFER&#8221; Tribina18 je projekt retori\u010dara 18. gimnazije koji osigurava dio javnog prostora za raspravu o aktualnim problemima mladih. Cilj ovog projekta je informirati javnost o aktualnim problemima mladih te ih potaknuti da se [&hellip;]<\/p>\n","protected":false},"author":4,"featured_media":0,"comment_status":"closed","ping_status":"closed","sticky":false,"template":"","format":"standard","meta":{"_et_pb_use_builder":"","_et_pb_old_content":"","_et_gb_content_width":"","footnotes":""},"categories":[14],"tags":[],"class_list":["post-2765","post","type-post","status-publish","format-standard","hentry","category-dogadanja-izvan-skole"],"_links":{"self":[{"href":"https:\/\/prva.hr\/index.php\/wp-json\/wp\/v2\/posts\/2765","targetHints":{"allow":["GET"]}}],"collection":[{"href":"https:\/\/prva.hr\/index.php\/wp-json\/wp\/v2\/posts"}],"about":[{"href":"https:\/\/prva.hr\/index.php\/wp-json\/wp\/v2\/types\/post"}],"author":[{"embeddable":true,"href":"https:\/\/prva.hr\/index.php\/wp-json\/wp\/v2\/users\/4"}],"replies":[{"embeddable":true,"href":"https:\/\/prva.hr\/index.php\/wp-json\/wp\/v2\/comments?post=2765"}],"version-history":[{"count":2,"href":"https:\/\/prva.hr\/index.php\/wp-json\/wp\/v2\/posts\/2765\/revisions"}],"predecessor-version":[{"id":2795,"href":"https:\/\/prva.hr\/index.php\/wp-json\/wp\/v2\/posts\/2765\/revisions\/2795"}],"wp:attachment":[{"href":"https:\/\/prva.hr\/index.php\/wp-json\/wp\/v2\/media?parent=2765"}],"wp:term":[{"taxonomy":"category","embeddable":true,"href":"https:\/\/prva.hr\/index.php\/wp-json\/wp\/v2\/categories?post=2765"},{"taxonomy":"post_tag","embeddable":true,"href":"https:\/\/prva.hr\/index.php\/wp-json\/wp\/v2\/tags?post=2765"}],"curies":[{"name":"wp","href":"https:\/\/api.w.org\/{rel}","templated":true}]}}