{"id":2778,"date":"2018-02-22T12:26:46","date_gmt":"2018-02-22T11:26:46","guid":{"rendered":"http:\/\/www.prva.hr\/?p=2778"},"modified":"2018-02-22T12:26:46","modified_gmt":"2018-02-22T11:26:46","slug":"dan-otvorenih-vrata-centar-luka-ritz","status":"publish","type":"post","link":"https:\/\/prva.hr\/index.php\/2018\/02\/22\/dan-otvorenih-vrata-centar-luka-ritz\/","title":{"rendered":"Dan otvorenih vrata &#8211; Centar Luka Ritz"},"content":{"rendered":"<p style=\"font-weight: 400;\"><span style=\"color: #333333;\">Povodom Nacionalnog dana borbe protiv vr\u0161nja\u010dkog nasilja, poznatijeg kao Dan ru\u017ei\u010dastih majica, s veseljem vas pozivamo na dru\u017eenje u Centar na adresi\u00a0<a style=\"color: #333333;\" href=\"https:\/\/maps.google.com\/?q=kneza+Ljudevita+Posavskog+48,+u&amp;entry=gmail&amp;source=g\">kneza Ljudevita Posavskog 48,\u00a0 \u00a0u<\/a>\u00a0srijedu 28. velja\u010de od 8 do 16h!<\/span><\/p>\n<p style=\"font-weight: 400;\"><span style=\"color: #333333;\">Ovom prigodom imate priliku neobavezno posjetiti\u00a0 prostor, upoznati se s aktivnostima i djelatnicima\u00a0<\/span><span style=\"color: #333333;\">Centra koji \u0107e vas do\u010dekati s osmijehom i u rozom raspolo\u017eenju!<\/span><\/p>\n<p style=\"font-weight: 400;\"><span style=\"color: #333333;\">Prethodne najave nisu potrebne, va\u017ena je samo dobra volja i malo vremena.<\/span><\/p>\n<p style=\"font-weight: 400;\"><span style=\"color: #333333;\">Prekopajte ormar, prona\u0111ite rozi komad odje\u0107e i do\u0111ite na dru\u017eenje u Centar Luka Ritz!<\/span><\/p>\n<p style=\"font-weight: 400;\">\n","protected":false},"excerpt":{"rendered":"<p>Povodom Nacionalnog dana borbe protiv vr\u0161nja\u010dkog nasilja, poznatijeg kao Dan ru\u017ei\u010dastih majica, s veseljem vas pozivamo na dru\u017eenje u Centar na adresi\u00a0kneza Ljudevita Posavskog 48,\u00a0 \u00a0u\u00a0srijedu 28. velja\u010de od 8 do 16h! Ovom prigodom imate priliku neobavezno posjetiti\u00a0 prostor, upoznati se s aktivnostima i djelatnicima\u00a0Centra koji \u0107e vas do\u010dekati s osmijehom i u rozom raspolo\u017eenju! [&hellip;]<\/p>\n","protected":false},"author":4,"featured_media":2779,"comment_status":"closed","ping_status":"closed","sticky":false,"template":"","format":"standard","meta":{"_et_pb_use_builder":"","_et_pb_old_content":"","_et_gb_content_width":"","footnotes":""},"categories":[14],"tags":[],"class_list":["post-2778","post","type-post","status-publish","format-standard","has-post-thumbnail","hentry","category-dogadanja-izvan-skole"],"_links":{"self":[{"href":"https:\/\/prva.hr\/index.php\/wp-json\/wp\/v2\/posts\/2778","targetHints":{"allow":["GET"]}}],"collection":[{"href":"https:\/\/prva.hr\/index.php\/wp-json\/wp\/v2\/posts"}],"about":[{"href":"https:\/\/prva.hr\/index.php\/wp-json\/wp\/v2\/types\/post"}],"author":[{"embeddable":true,"href":"https:\/\/prva.hr\/index.php\/wp-json\/wp\/v2\/users\/4"}],"replies":[{"embeddable":true,"href":"https:\/\/prva.hr\/index.php\/wp-json\/wp\/v2\/comments?post=2778"}],"version-history":[{"count":1,"href":"https:\/\/prva.hr\/index.php\/wp-json\/wp\/v2\/posts\/2778\/revisions"}],"predecessor-version":[{"id":2780,"href":"https:\/\/prva.hr\/index.php\/wp-json\/wp\/v2\/posts\/2778\/revisions\/2780"}],"wp:featuredmedia":[{"embeddable":true,"href":"https:\/\/prva.hr\/index.php\/wp-json\/wp\/v2\/media\/2779"}],"wp:attachment":[{"href":"https:\/\/prva.hr\/index.php\/wp-json\/wp\/v2\/media?parent=2778"}],"wp:term":[{"taxonomy":"category","embeddable":true,"href":"https:\/\/prva.hr\/index.php\/wp-json\/wp\/v2\/categories?post=2778"},{"taxonomy":"post_tag","embeddable":true,"href":"https:\/\/prva.hr\/index.php\/wp-json\/wp\/v2\/tags?post=2778"}],"curies":[{"name":"wp","href":"https:\/\/api.w.org\/{rel}","templated":true}]}}