{"id":2787,"date":"2017-09-01T11:34:55","date_gmt":"2017-09-01T09:34:55","guid":{"rendered":"http:\/\/www.prva.hr\/?p=2787"},"modified":"2018-02-23T11:46:28","modified_gmt":"2018-02-23T10:46:28","slug":"profesionalna-orijentacija-u-i-gimnaziji-u-skolskoj-godini-2016-2017","status":"publish","type":"post","link":"https:\/\/prva.hr\/index.php\/2017\/09\/01\/profesionalna-orijentacija-u-i-gimnaziji-u-skolskoj-godini-2016-2017\/","title":{"rendered":"Profesionalna orijentacija u I. gimnaziji u \u0161kolskoj godini 2016.\/2017."},"content":{"rendered":"<p>Svake godine jedna generacija maturanata nalazi se pred velikom \u017eivotnom odlukom: \u201eKoji fakultet upisati?\u201c. Mnogi od \u201emalih nogu\u201c \u00a0to\u010dno znaju \u010dime \u0107e se jednog dana baviti, \u0161to se \u010desto do prave odluke raspline, dok neki do zadnjeg trena ne znaju \u0161to ih zanima i u \u010demu su dobri. Radi spomenutog, nekima je potrebna pomo\u0107 i podr\u0161ka kako bi osvijestili koje su njihove jake strane i na temelju toga odlu\u010dili koje \u0107e biti njihovo budu\u0107e zanimanje.\u00a0<strong><em>Cilj profesionalne orijentaci<\/em><\/strong><em>je je pomo\u0107i svakom maturantu da u skladu sa svojim interesima, sposobnostima i vrijednostima izabere fakultet u kojem \u0107e ostvariti svoj puni potencijal.<\/em>\u00a0Zbog toga se tijekom cijele \u0161kolske godine u suradnji s vanjskim suradnicima provode aktivnosti od strane \u0161kolske psihologinje i socijalne pedagoginje kojima se \u017eeli ostvariti taj cilj.<\/p>\n<p>Na po\u010detku \u0161kolske godine 2016.\/2017. \u0161kolska psihologinja provela je anketu u maturalnim razredima kako bi se utvrdio interes maturanata za predstavljanje pojedinih fakulteta Sveu\u010dili\u0161ta u Zagrebu. U skladu s iskazanim interesom organizirana su predstavljanja pojedinih fakulteta. Tako su primjerice biv\u0161i u\u010denici \u0161kole predstavili nekoliko fakulteta: Gra\u0111evinski, Kineziolo\u0161ki, Filozofski, Medicinski, Ekonomski, Edukacijsko rehabilitacijski, Fakultet elektrotehnike i ra\u010dunalstva i Fakultet strojarstva i brodogradnje. Uz to, posjetili su nas i predstavnici Sveu\u010dili\u0161ta Sjever kao i predstavnici agencije Integral edukacijski programi koji su na\u0161im maturantima objasnili koja su njihova prava i povlastice studiranja u inozemstvu. Uz to, maturanti su imali prilike posjetiti i\u00a0<em>12. Sajam stipendija<\/em>\u00a0gdje su mogli saznati koje su mogu\u0107nosti dobivanja stipendije za vrijeme studiranja. Isto tako, imali su prilike prisustvovati\u00a0<em>Smotri sveu\u010dili\u0161ta<\/em>\u00a0na kojoj su mogli saznati vi\u0161e o studijskim programima, uvjetima upisa, studentskom \u017eivotu i smje\u0161taju.<\/p>\n<p>Tijekom prvog polugodi\u0161ta u svim \u010detvrtim razredima \u0161kolska psihologinja provela je radionicu profesionalnog usmjeravanja i informiranja <em>\u201eKamo nakon zavr\u0161ene srednje \u0161kole?\u201c<\/em> u sklopu koje su u\u010denici imali priliku promi\u0161ljati svoje interese, vrijednosti i sposobnosti, rje\u0161avati on-line upitnike profesionalnog usmjeravanja, informirati se o studijima Sveu\u010dili\u0161ta u Zagrebu, dr\u017eavnoj maturi i situaciji na tr\u017ei\u0161tu rada te su upu\u0107eni na relevantne on-line izvore podataka i manifestacije profesionalnog usmjeravanja koje se odr\u017eavaju izvan \u0161kole. Po\u010detkom mjeseca studenog za sve \u010detvrte razrede organizirano je predavanje <em>Centra za informiranje i savjetovanje u karijeri HZZ-a<\/em>\u00a0(CISOK). U\u010denicima koji su izrazili \u017eelju za dodatnom profesionalnom podr\u0161kom, otvorena je mogu\u0107nost da posjete CISOK \u00a0gdje su educirani stru\u010dnjaci pomogli onima koji su se dvoumili koji fakultet upisati.<\/p>\n<p>U listopadu 2017., u suradnji sa <em>Zakladom Znanje na djelu<\/em>, grupa u\u010denika maturalnih razreda sudjelovala je na dvodnevnom skupu u Pore\u010du pod nazivom:\u00a0<em>\u201eIstra\u017eujem svijet rada u turizmu\u201c<\/em>.<\/p>\n<p>Stru\u010dna slu\u017eba \u0161kole stajala je na raspolaganju za profesionalno usmjeravanje i onim u\u010denicima koji su odlu\u010dili promijeniti \u0161kolu, prekinuti \u0161kolovanje i sl. \u010dime se osiguralo da svaki u\u010denik dobije to\u010dnu i pravovremenu informaciju na osnovi koje je mogao donijeti i valjanu odluku o svojoj budu\u0107nosti.<\/p>\n<p>Od \u0161kolske 2016.\/2017. godine oboga\u0107eni smo jo\u0161 jednim vrijednim programom koji je provela socijalna pedagoginja \u0161kole pod nazivom \u201e<em>Priprema, pozor, SAD!\u201c<\/em>. Program se sastojao od \u010detiri radionice koje su provedene me\u0111u zainteresiranim maturantima. U okviru spomenutog projekta u\u010denici su imali priliku upoznati se s vje\u0161tinama upravljanja karijerom koje su zna\u010dajne za nastavak obrazovanja i\/ili prelazak na tr\u017ei\u0161te rada. U\u010denici su imali priliku napraviti samoprocjenu (u odnosu na znanje, sposobnosti, interese, vrijednosti, uloge) te sukladno tome planirati i postaviti profesionalne ciljeve kao i unaprijediti svoje samoprezentacijske vje\u0161tine te na\u010dine (tehnike i metode) aktivnog tra\u017eenja posla. Dio sadr\u017eaja odnosio se i na prelazak te prilagodbu na studij za one u\u010denike koji su planirali nastaviti obrazovanje na visoko\u0161kolskim institucijama.<\/p>\n<p>u.z. Aleksandra Huis, mag. psych<\/p>\n<p>stru\u010dni suradnik \u2013 psiholog I. gimnazije<\/p>\n<p>Ivana \u0160tefok, prof.<\/p>\n<p>stru\u010dni suradnik- psiholog I. gimnazije<\/p>\n","protected":false},"excerpt":{"rendered":"<p>Svake godine jedna generacija maturanata nalazi se pred velikom \u017eivotnom odlukom: \u201eKoji fakultet upisati?\u201c. Mnogi od \u201emalih nogu\u201c \u00a0to\u010dno znaju \u010dime \u0107e se jednog dana baviti, \u0161to se \u010desto do prave odluke raspline, dok neki do zadnjeg trena ne znaju \u0161to ih zanima i u \u010demu su dobri. Radi spomenutog, nekima je potrebna pomo\u0107 i [&hellip;]<\/p>\n","protected":false},"author":6,"featured_media":0,"comment_status":"closed","ping_status":"closed","sticky":false,"template":"","format":"standard","meta":{"_et_pb_use_builder":"","_et_pb_old_content":"","_et_gb_content_width":"","footnotes":""},"categories":[51],"tags":[],"class_list":["post-2787","post","type-post","status-publish","format-standard","hentry","category-profesionalna-orijentacija"],"_links":{"self":[{"href":"https:\/\/prva.hr\/index.php\/wp-json\/wp\/v2\/posts\/2787","targetHints":{"allow":["GET"]}}],"collection":[{"href":"https:\/\/prva.hr\/index.php\/wp-json\/wp\/v2\/posts"}],"about":[{"href":"https:\/\/prva.hr\/index.php\/wp-json\/wp\/v2\/types\/post"}],"author":[{"embeddable":true,"href":"https:\/\/prva.hr\/index.php\/wp-json\/wp\/v2\/users\/6"}],"replies":[{"embeddable":true,"href":"https:\/\/prva.hr\/index.php\/wp-json\/wp\/v2\/comments?post=2787"}],"version-history":[{"count":1,"href":"https:\/\/prva.hr\/index.php\/wp-json\/wp\/v2\/posts\/2787\/revisions"}],"predecessor-version":[{"id":2788,"href":"https:\/\/prva.hr\/index.php\/wp-json\/wp\/v2\/posts\/2787\/revisions\/2788"}],"wp:attachment":[{"href":"https:\/\/prva.hr\/index.php\/wp-json\/wp\/v2\/media?parent=2787"}],"wp:term":[{"taxonomy":"category","embeddable":true,"href":"https:\/\/prva.hr\/index.php\/wp-json\/wp\/v2\/categories?post=2787"},{"taxonomy":"post_tag","embeddable":true,"href":"https:\/\/prva.hr\/index.php\/wp-json\/wp\/v2\/tags?post=2787"}],"curies":[{"name":"wp","href":"https:\/\/api.w.org\/{rel}","templated":true}]}}