{"id":2941,"date":"2018-03-12T07:31:10","date_gmt":"2018-03-12T06:31:10","guid":{"rendered":"http:\/\/www.prva.hr\/?p=2941"},"modified":"2018-03-12T07:31:10","modified_gmt":"2018-03-12T06:31:10","slug":"debatanti-u-sloveniji","status":"publish","type":"post","link":"https:\/\/prva.hr\/index.php\/2018\/03\/12\/debatanti-u-sloveniji\/","title":{"rendered":"DEBATANTI U SLOVENIJI!"},"content":{"rendered":"<p>Ekipa na\u0161eg debatnog kluba &#8220;Krvolo\u010dne visibabe&#8221; i voditeljica kluba prof. Dunja Opati\u0107 od 7. do 10. 3. debatirala je i sudila u Sloveniji. Nakon jednodnevnog zagrijavanja u Mariboru s debatantima na\u0161e partnerske \u0161kole Prve gimnazije Maribor, predstavnice na\u0161ega debatnoga kluba su krenule na Me\u0111unarodni debatni turnir u Ljutomeru. Ondje su se susrele s 200 debatanata iz deset zemlja svijeta te debatirale na \u0161est razli\u010ditih teza u toku tri dana trajanja turnira. Na\u0161e su debatantice osvojile visoko trinaesto mjesto s \u010detiri pobjede, ostaviv\u0161i tako iza sebe nacionalne debatne reprezentacije Njema\u010dke, Italije, Ma\u0111arske, \u010ce\u0161ke i Turske. S obzirom na to da se debatiralo na engleskom jeziku ne za\u010du\u0111uje da su turnirom dominirali timovi iz Sjedinjenih ameri\u010dkih dr\u017eava \u010dija je nacionalna reprezentacija USA Red pobijedila u finalu turnira kao opozicija tezi \u201eThis House regrets privatisation of space research and travel\u201d.<\/p>\n<p>Na\u0161e KV-ovke su u Sloveniji debatirale o legalizaciji droga, drugom amandmanu ameri\u010dkog Ustava, nepla\u0107enom pripravni\u0161tvu, Me\u0111unarodnom kaznenom sudu u Hagu, javnom dobru i privatizaciji istra\u017eivanja svemira. Uz ja\u010danje retori\u010dkog aparata, kako to obi\u010dno i biva na debatnim turnirima, sklapala su se nova i obnavljala stara prijateljstva koja ne poznaju granice. \u010cestitamo debatanticama, a pogotovo Jeleni Lari Marinkovi\u0107, u\u010denici 4.d razreda, za koju smo sigurni da \u0107e se ponovno vratiti u Ljutomer, no sljede\u0107i put kao sutkinja.<\/p>\n<p>&nbsp;<\/p>\n<p>Dunja Opati\u0107, prof.<\/p>\n","protected":false},"excerpt":{"rendered":"<p>Ekipa na\u0161eg debatnog kluba &#8220;Krvolo\u010dne visibabe&#8221; i voditeljica kluba prof. Dunja Opati\u0107 od 7. do 10. 3. debatirala je i sudila u Sloveniji. Nakon jednodnevnog zagrijavanja u Mariboru s debatantima na\u0161e partnerske \u0161kole Prve gimnazije Maribor, predstavnice na\u0161ega debatnoga kluba su krenule na Me\u0111unarodni debatni turnir u Ljutomeru. Ondje su se susrele s 200 debatanata [&hellip;]<\/p>\n","protected":false},"author":2,"featured_media":2942,"comment_status":"closed","ping_status":"closed","sticky":false,"template":"","format":"standard","meta":{"_et_pb_use_builder":"","_et_pb_old_content":"","_et_gb_content_width":"","footnotes":""},"categories":[5,16],"tags":[],"class_list":["post-2941","post","type-post","status-publish","format-standard","has-post-thumbnail","hentry","category-aktivnosti","category-debata"],"_links":{"self":[{"href":"https:\/\/prva.hr\/index.php\/wp-json\/wp\/v2\/posts\/2941","targetHints":{"allow":["GET"]}}],"collection":[{"href":"https:\/\/prva.hr\/index.php\/wp-json\/wp\/v2\/posts"}],"about":[{"href":"https:\/\/prva.hr\/index.php\/wp-json\/wp\/v2\/types\/post"}],"author":[{"embeddable":true,"href":"https:\/\/prva.hr\/index.php\/wp-json\/wp\/v2\/users\/2"}],"replies":[{"embeddable":true,"href":"https:\/\/prva.hr\/index.php\/wp-json\/wp\/v2\/comments?post=2941"}],"version-history":[{"count":1,"href":"https:\/\/prva.hr\/index.php\/wp-json\/wp\/v2\/posts\/2941\/revisions"}],"predecessor-version":[{"id":2943,"href":"https:\/\/prva.hr\/index.php\/wp-json\/wp\/v2\/posts\/2941\/revisions\/2943"}],"wp:featuredmedia":[{"embeddable":true,"href":"https:\/\/prva.hr\/index.php\/wp-json\/wp\/v2\/media\/2942"}],"wp:attachment":[{"href":"https:\/\/prva.hr\/index.php\/wp-json\/wp\/v2\/media?parent=2941"}],"wp:term":[{"taxonomy":"category","embeddable":true,"href":"https:\/\/prva.hr\/index.php\/wp-json\/wp\/v2\/categories?post=2941"},{"taxonomy":"post_tag","embeddable":true,"href":"https:\/\/prva.hr\/index.php\/wp-json\/wp\/v2\/tags?post=2941"}],"curies":[{"name":"wp","href":"https:\/\/api.w.org\/{rel}","templated":true}]}}