{"id":2979,"date":"2018-03-14T08:23:41","date_gmt":"2018-03-14T07:23:41","guid":{"rendered":"http:\/\/www.prva.hr\/?p=2979"},"modified":"2018-03-14T08:23:41","modified_gmt":"2018-03-14T07:23:41","slug":"obrazovni-programi-u-kinu-tuskanac","status":"publish","type":"post","link":"https:\/\/prva.hr\/index.php\/2018\/03\/14\/obrazovni-programi-u-kinu-tuskanac\/","title":{"rendered":"Obrazovni programi u kinu Tu\u0161kanac"},"content":{"rendered":"<p><b>Filmska naSTAVa@kino Tu\u0161kana<\/b>c\u00a0<b>\u00a0<\/b>namijenjena je\u00a0<b>srednjo\u0161kolskim u\u010denicima i njihovim nastavnicima<\/b>.<u><\/u><u><\/u><\/p>\n<p><u><\/u>Polaznici \u0107e imati priliku pogledati pet umjetni\u010dkih relevantnih dugometra\u017enih filmova. Me\u0111u odabranim filmskim naslovima, koji su tematski bliski srednjo\u0161kolcima, nalaze se recentnija filmska ostvarenja, ali i jedan filmski klasik. Nakon projekcije svakog\u00a0<u><\/u><u><\/u>filma, slijede njegova analiza i interpretacija. Tako\u0111er, u\u010denici \u0107e imati priliku slu\u0161ati i gostuju\u0107e predavanje filmskih profesionalaca ili sveu\u010dili\u0161nih nastavnika.<u><\/u><u><\/u><\/p>\n<p><u><\/u>\u00b7\u00a0\u00a0<u><\/u>Termin: svaki dan od 10 do 14 sati<u><\/u><u><\/u><\/p>\n<p><u><\/u>\u00b7\u00a0\u00a0<u><\/u>Voditeljice: Ana \u0110ordi\u0107, prof. i doc. Jelena Modri\u0107, akad. filmska monta\u017eerka<\/p>\n<p>Program se odr\u017eava\u00a0<b>od\u00a0<\/b><b>3. \u2013 7. travnja 2018.<\/b><b>\u00a0\u00a0<\/b>godine i<b>\u00a0besplatan<\/b>\u00a0<b>je\u00a0<\/b>za sve polaznike.<\/p>\n<p>Program je besplatan, organizira ga Hrvatski filmski savez, a financiraju ga Hrvatski audiovizualni centar i Hrvatska zajednica tehni\u010dke kulture.\u00a0<u><\/u><u><\/u><\/p>\n<p><b>Preporuku programu dali su Akademija dramske umjetnosti Sveu\u010dili\u0161ta u Zagrebu, Katedra za filmologiju Odsjeka za komparativnu knji\u017eevnost Filozofskog fakulteta Sveu\u010dili\u0161ta u Zagrebu, Hrvatski filmski arhiv (Hrvatska kinoteka) pri Hrvatskom dr\u017eavnom arhivu te portal Medijska pismenost.<\/b><u><\/u><u><\/u><\/p>\n<p>Prijave za program traju do\u00a0<b>23. o\u017eujka 2018<\/b>., odnosno do popunjenja kapaciteta. Prijaviti se mo\u017eete na sljede\u0107oj poveznici\u00a0<a href=\"http:\/\/hfs.hr\/hfs\/prijavnica_edukativni_programi\/\" target=\"_blank\" rel=\"noopener\" data-saferedirecturl=\"https:\/\/www.google.com\/url?hl=hr&amp;q=http:\/\/hfs.hr\/hfs\/prijavnica_edukativni_programi\/&amp;source=gmail&amp;ust=1521094916925000&amp;usg=AFQjCNGTZcmqSap_iSxj9LCBLHdz-EA-ZA\">http:\/\/hfs.hr\/hfs\/pr<wbr \/>ijavnica_edukativni_programi\/<\/a>, a\u00a0za dodatna pitanja ili nejasno\u0107e, mo\u017eete se obratiti na\u00a0<a href=\"mailto:sara.cucic@gmail.com\" target=\"_blank\" rel=\"noopener\">sara.cucic@gmail.com<\/a>\u00a0ili na broj mobitela \u00a0<a href=\"tel:+385%2095%20578%208511\" target=\"_blank\" rel=\"noopener\">+385 95 578 8511<\/a>.<\/p>\n","protected":false},"excerpt":{"rendered":"<p>Filmska naSTAVa@kino Tu\u0161kanac\u00a0\u00a0namijenjena je\u00a0srednjo\u0161kolskim u\u010denicima i njihovim nastavnicima. Polaznici \u0107e imati priliku pogledati pet umjetni\u010dkih relevantnih dugometra\u017enih filmova. Me\u0111u odabranim filmskim naslovima, koji su tematski bliski srednjo\u0161kolcima, nalaze se recentnija filmska ostvarenja, ali i jedan filmski klasik. Nakon projekcije svakog\u00a0filma, slijede njegova analiza i interpretacija. Tako\u0111er, u\u010denici \u0107e imati priliku slu\u0161ati i gostuju\u0107e predavanje filmskih [&hellip;]<\/p>\n","protected":false},"author":4,"featured_media":0,"comment_status":"closed","ping_status":"closed","sticky":false,"template":"","format":"standard","meta":{"_et_pb_use_builder":"","_et_pb_old_content":"","_et_gb_content_width":"","footnotes":""},"categories":[14],"tags":[],"class_list":["post-2979","post","type-post","status-publish","format-standard","hentry","category-dogadanja-izvan-skole"],"_links":{"self":[{"href":"https:\/\/prva.hr\/index.php\/wp-json\/wp\/v2\/posts\/2979","targetHints":{"allow":["GET"]}}],"collection":[{"href":"https:\/\/prva.hr\/index.php\/wp-json\/wp\/v2\/posts"}],"about":[{"href":"https:\/\/prva.hr\/index.php\/wp-json\/wp\/v2\/types\/post"}],"author":[{"embeddable":true,"href":"https:\/\/prva.hr\/index.php\/wp-json\/wp\/v2\/users\/4"}],"replies":[{"embeddable":true,"href":"https:\/\/prva.hr\/index.php\/wp-json\/wp\/v2\/comments?post=2979"}],"version-history":[{"count":1,"href":"https:\/\/prva.hr\/index.php\/wp-json\/wp\/v2\/posts\/2979\/revisions"}],"predecessor-version":[{"id":2980,"href":"https:\/\/prva.hr\/index.php\/wp-json\/wp\/v2\/posts\/2979\/revisions\/2980"}],"wp:attachment":[{"href":"https:\/\/prva.hr\/index.php\/wp-json\/wp\/v2\/media?parent=2979"}],"wp:term":[{"taxonomy":"category","embeddable":true,"href":"https:\/\/prva.hr\/index.php\/wp-json\/wp\/v2\/categories?post=2979"},{"taxonomy":"post_tag","embeddable":true,"href":"https:\/\/prva.hr\/index.php\/wp-json\/wp\/v2\/tags?post=2979"}],"curies":[{"name":"wp","href":"https:\/\/api.w.org\/{rel}","templated":true}]}}