{"id":3011,"date":"2018-03-16T14:34:42","date_gmt":"2018-03-16T13:34:42","guid":{"rendered":"http:\/\/www.prva.hr\/?p=3011"},"modified":"2018-03-16T14:34:42","modified_gmt":"2018-03-16T13:34:42","slug":"dani-otvorenih-vrata-fakulteta-organizacije-i-informatike-sveucilista-u-zagrebu","status":"publish","type":"post","link":"https:\/\/prva.hr\/index.php\/2018\/03\/16\/dani-otvorenih-vrata-fakulteta-organizacije-i-informatike-sveucilista-u-zagrebu\/","title":{"rendered":"Dani otvorenih vrata Fakulteta organizacije i informatike Sveu\u010dili\u0161ta u Zagrebu"},"content":{"rendered":"<p>Fakultet organizacije i informatike Sveu\u010dili\u0161ta u Zagrebu u utorak 17. travnja 2018. godine odr\u017eat \u0107e Dan otvorenih vrata. Vrata fakulteta bit \u0107e otvorena svim zainteresiranim posjetiteljima od 10 do 13 sati.<\/p>\n<p>U\u010denici \u0107e saznati sve potrebne informacije o studijskim programima i uvjetima za upis te izvannastavnim aktivnostima.<\/p>\n<p>Detaljan program bit \u0107e objavlje na webu\u00a0<a href=\"https:\/\/www.foi.unizg.hr\/hr\">https:\/\/www.foi.unizg.hr\/hr<\/a>\u00a0 i na Facebook profilu\u00a0<a href=\"https:\/\/www.facebook.com\/foivz\">https:\/\/www.facebook.com\/foivz<\/a><\/p>\n<p>Za dodatne informacije ili za najavu dolaska mo\u017eete nas kontaktirati na e-mail adresu dov@foi.hr ili na broj telefona 042 390 814.<\/p>\n<p>Dolazak je potrebno najaviti najkasnije do 13. travnja 2018.<\/p>\n","protected":false},"excerpt":{"rendered":"<p>Fakultet organizacije i informatike Sveu\u010dili\u0161ta u Zagrebu u utorak 17. travnja 2018. godine odr\u017eat \u0107e Dan otvorenih vrata. Vrata fakulteta bit \u0107e otvorena svim zainteresiranim posjetiteljima od 10 do 13 sati. U\u010denici \u0107e saznati sve potrebne informacije o studijskim programima i uvjetima za upis te izvannastavnim aktivnostima. Detaljan program bit \u0107e objavlje na webu\u00a0https:\/\/www.foi.unizg.hr\/hr\u00a0 i [&hellip;]<\/p>\n","protected":false},"author":4,"featured_media":0,"comment_status":"closed","ping_status":"closed","sticky":false,"template":"","format":"standard","meta":{"_et_pb_use_builder":"","_et_pb_old_content":"","_et_gb_content_width":"","footnotes":""},"categories":[14],"tags":[],"class_list":["post-3011","post","type-post","status-publish","format-standard","hentry","category-dogadanja-izvan-skole"],"_links":{"self":[{"href":"https:\/\/prva.hr\/index.php\/wp-json\/wp\/v2\/posts\/3011","targetHints":{"allow":["GET"]}}],"collection":[{"href":"https:\/\/prva.hr\/index.php\/wp-json\/wp\/v2\/posts"}],"about":[{"href":"https:\/\/prva.hr\/index.php\/wp-json\/wp\/v2\/types\/post"}],"author":[{"embeddable":true,"href":"https:\/\/prva.hr\/index.php\/wp-json\/wp\/v2\/users\/4"}],"replies":[{"embeddable":true,"href":"https:\/\/prva.hr\/index.php\/wp-json\/wp\/v2\/comments?post=3011"}],"version-history":[{"count":1,"href":"https:\/\/prva.hr\/index.php\/wp-json\/wp\/v2\/posts\/3011\/revisions"}],"predecessor-version":[{"id":3012,"href":"https:\/\/prva.hr\/index.php\/wp-json\/wp\/v2\/posts\/3011\/revisions\/3012"}],"wp:attachment":[{"href":"https:\/\/prva.hr\/index.php\/wp-json\/wp\/v2\/media?parent=3011"}],"wp:term":[{"taxonomy":"category","embeddable":true,"href":"https:\/\/prva.hr\/index.php\/wp-json\/wp\/v2\/categories?post=3011"},{"taxonomy":"post_tag","embeddable":true,"href":"https:\/\/prva.hr\/index.php\/wp-json\/wp\/v2\/tags?post=3011"}],"curies":[{"name":"wp","href":"https:\/\/api.w.org\/{rel}","templated":true}]}}