{"id":3071,"date":"2018-03-23T10:51:55","date_gmt":"2018-03-23T09:51:55","guid":{"rendered":"http:\/\/www.prva.hr\/?p=3071"},"modified":"2018-03-23T10:51:55","modified_gmt":"2018-03-23T09:51:55","slug":"tecaj-crtanja-i-slikanja-msu","status":"publish","type":"post","link":"https:\/\/prva.hr\/index.php\/2018\/03\/23\/tecaj-crtanja-i-slikanja-msu\/","title":{"rendered":"Te\u010daj crtanja i slikanja &#8211; MSU"},"content":{"rendered":"<p><em>Od 7.travnja 2018. zapo\u010dinje se s\u00a0 jednomjese\u010dnim<b>\u00a0te\u010dajem crtanja i slikanja<\/b>\u00a0za odrasle (od 16 godina i starije), koji \u0107e se odr\u017eavati u izlo\u017ebenim prostorima i prostoru dvorane \u0160kolice MSU-a. Te\u010daj obuhva\u0107a susret s\u00a0 umjetni\u010dkim djelima te prakti\u010dnu edukaciju koja uklju\u010duje crta\u010dke i slikarske tehnike. <\/em><\/p>\n<p><em>Crta\u0107i pribor i matrijal osigurava MSU!<\/em><\/p>\n<p><em> Radi se u malim grupama u kojima se svakom polazniku mo\u017ee individualno posvetiti prilikom rada. Minimalan broj polaznika edukacije je 10, a maksimalan 15.<u><\/u><u><\/u><\/em><\/p>\n<p><em>Termini: subotama, 07.04.,14.04., 21.04., 28.04. od 15 -18 sati.<u><\/u><u><\/u><\/em><\/p>\n<p><em>Cijena te\u010daja: 800 kuna (uklju\u010den PDV)<u><\/u><u><\/u><\/em><\/p>\n<p><em>Prijave\u00a0 do 30.o\u017eujka 2018.<u><\/u><u><\/u><\/em><\/p>\n<p><em>Prije po\u010detka te\u010daja polaznici potpisuju ugovor kojim se obvezuju uplatiti punu cijenu te\u010daja do 05. travnja 2018.<u><\/u><u><\/u><\/em><\/p>\n<p><em>Za prijavu i ostale informacije kontaktirajte nas putem\u00a0<a href=\"mailto:e-maila%3Aeduakcija@msu.hr\" target=\"_blank\" rel=\"noopener\">e-maila:eduakcija@msu.hr<\/a><u><\/u><u><\/u><\/em><\/p>\n<p><em>Voditeljica edukacije:\u00a0<\/em><em>dr.art. Ivana Gori\u010dki, prof.likovne kulture<u><\/u><u><\/u><\/em><\/p>\n<p><em><a href=\"mailto:ivana.goricki@msu.hr\" target=\"_blank\" rel=\"noopener\">ivana.goricki@msu.hr<\/a><\/em><\/p>\n","protected":false},"excerpt":{"rendered":"<p>Od 7.travnja 2018. zapo\u010dinje se s\u00a0 jednomjese\u010dnim\u00a0te\u010dajem crtanja i slikanja\u00a0za odrasle (od 16 godina i starije), koji \u0107e se odr\u017eavati u izlo\u017ebenim prostorima i prostoru dvorane \u0160kolice MSU-a. Te\u010daj obuhva\u0107a susret s\u00a0 umjetni\u010dkim djelima te prakti\u010dnu edukaciju koja uklju\u010duje crta\u010dke i slikarske tehnike. Crta\u0107i pribor i matrijal osigurava MSU! Radi se u malim grupama u [&hellip;]<\/p>\n","protected":false},"author":4,"featured_media":3072,"comment_status":"closed","ping_status":"closed","sticky":false,"template":"","format":"standard","meta":{"_et_pb_use_builder":"","_et_pb_old_content":"","_et_gb_content_width":"","footnotes":""},"categories":[14],"tags":[],"class_list":["post-3071","post","type-post","status-publish","format-standard","has-post-thumbnail","hentry","category-dogadanja-izvan-skole"],"_links":{"self":[{"href":"https:\/\/prva.hr\/index.php\/wp-json\/wp\/v2\/posts\/3071","targetHints":{"allow":["GET"]}}],"collection":[{"href":"https:\/\/prva.hr\/index.php\/wp-json\/wp\/v2\/posts"}],"about":[{"href":"https:\/\/prva.hr\/index.php\/wp-json\/wp\/v2\/types\/post"}],"author":[{"embeddable":true,"href":"https:\/\/prva.hr\/index.php\/wp-json\/wp\/v2\/users\/4"}],"replies":[{"embeddable":true,"href":"https:\/\/prva.hr\/index.php\/wp-json\/wp\/v2\/comments?post=3071"}],"version-history":[{"count":1,"href":"https:\/\/prva.hr\/index.php\/wp-json\/wp\/v2\/posts\/3071\/revisions"}],"predecessor-version":[{"id":3073,"href":"https:\/\/prva.hr\/index.php\/wp-json\/wp\/v2\/posts\/3071\/revisions\/3073"}],"wp:featuredmedia":[{"embeddable":true,"href":"https:\/\/prva.hr\/index.php\/wp-json\/wp\/v2\/media\/3072"}],"wp:attachment":[{"href":"https:\/\/prva.hr\/index.php\/wp-json\/wp\/v2\/media?parent=3071"}],"wp:term":[{"taxonomy":"category","embeddable":true,"href":"https:\/\/prva.hr\/index.php\/wp-json\/wp\/v2\/categories?post=3071"},{"taxonomy":"post_tag","embeddable":true,"href":"https:\/\/prva.hr\/index.php\/wp-json\/wp\/v2\/tags?post=3071"}],"curies":[{"name":"wp","href":"https:\/\/api.w.org\/{rel}","templated":true}]}}