{"id":3147,"date":"2018-04-09T10:16:06","date_gmt":"2018-04-09T08:16:06","guid":{"rendered":"http:\/\/www.prva.hr\/?p=3147"},"modified":"2018-04-09T10:16:06","modified_gmt":"2018-04-09T08:16:06","slug":"dan-otvorenih-vrata-medicinskog-fakulteta-sveucilista-u-zagrebu","status":"publish","type":"post","link":"https:\/\/prva.hr\/index.php\/2018\/04\/09\/dan-otvorenih-vrata-medicinskog-fakulteta-sveucilista-u-zagrebu\/","title":{"rendered":"Dan otvorenih vrata Medicinskog fakulteta Sveu\u010dili\u0161ta u Zagrebu"},"content":{"rendered":"<p>Dan otvorenih vrata Medicinskog fakulteta Sveu\u010dili\u0161ta u Zagrebu\u00a0 odr\u017eat \u0107e se 14.4.2018. s po\u010detkom u 10:00. Ceremoniji otvaranja \u0107e prisustvovati dekan Medicinskog fakulteta prof.dr.sc. Marijan Klarica, te predsjednica povjerenstva za upis na Medicinski fakultet prof.dr.sc. Jasna Lovri\u0107.\u00a0 Za posjetitelje \u0107e na taj dan biti otvorene katedre i zavodi Medicinskog fakulteta, biti \u0107e predstavljene studentske udruge koje djeluju u okviru fakulteta, a vodi\u010di kroz cijeli program \u0107e biti sami studenti.<\/p>\n<p>&nbsp;<\/p>\n<p><strong>PROGRAM<\/strong> Dana otvorenih vrata Medicinskog fakulteta Sveu\u010dili\u0161ta u Zagrebu 2018. g.<\/p>\n<p>Datum odr\u017eavanja 14.4.2018.-subota<br \/>\n10:00 \u2013 10:15 okupljanje posjetitelja u predvorju glavne zgrade Dekanata, \u0160alata 3<br \/>\n10:15 \u2013 12:00 obilazak Katedri, Zavoda i studentskih prostora uz voditelja<br \/>\n12:00 \u2013 12.10 Lege Artis (zbor studenata Medicinskog fakulteta)<\/p>\n<p>12:10 \u2013 13:30 predstavljanje Medicinskog fakulteta, pitanja zainteresiranih<br \/>\n&#8211; prof. dr. sc. Marijan Klarica, dekan Medicinskog fakulteta<br \/>\n&#8211; prof. dr. sc. Jasna Lovri\u0107, predsjednica Povjerenstva za upis<\/p>\n<p>13:30 \u2013 13:40 okupljanje posjetitelja u predvorju glavne zgrade Dekanata, \u0160alata 3<br \/>\n13:40 \u2013 15:00 obilazak Katedri, Zavoda i studentskih prostora uz voditelja<\/p>\n","protected":false},"excerpt":{"rendered":"<p>Dan otvorenih vrata Medicinskog fakulteta Sveu\u010dili\u0161ta u Zagrebu\u00a0 odr\u017eat \u0107e se 14.4.2018. s po\u010detkom u 10:00. Ceremoniji otvaranja \u0107e prisustvovati dekan Medicinskog fakulteta prof.dr.sc. Marijan Klarica, te predsjednica povjerenstva za upis na Medicinski fakultet prof.dr.sc. Jasna Lovri\u0107.\u00a0 Za posjetitelje \u0107e na taj dan biti otvorene katedre i zavodi Medicinskog fakulteta, biti \u0107e predstavljene studentske udruge [&hellip;]<\/p>\n","protected":false},"author":4,"featured_media":0,"comment_status":"closed","ping_status":"closed","sticky":false,"template":"","format":"standard","meta":{"_et_pb_use_builder":"","_et_pb_old_content":"","_et_gb_content_width":"","footnotes":""},"categories":[14],"tags":[],"class_list":["post-3147","post","type-post","status-publish","format-standard","hentry","category-dogadanja-izvan-skole"],"_links":{"self":[{"href":"https:\/\/prva.hr\/index.php\/wp-json\/wp\/v2\/posts\/3147","targetHints":{"allow":["GET"]}}],"collection":[{"href":"https:\/\/prva.hr\/index.php\/wp-json\/wp\/v2\/posts"}],"about":[{"href":"https:\/\/prva.hr\/index.php\/wp-json\/wp\/v2\/types\/post"}],"author":[{"embeddable":true,"href":"https:\/\/prva.hr\/index.php\/wp-json\/wp\/v2\/users\/4"}],"replies":[{"embeddable":true,"href":"https:\/\/prva.hr\/index.php\/wp-json\/wp\/v2\/comments?post=3147"}],"version-history":[{"count":1,"href":"https:\/\/prva.hr\/index.php\/wp-json\/wp\/v2\/posts\/3147\/revisions"}],"predecessor-version":[{"id":3148,"href":"https:\/\/prva.hr\/index.php\/wp-json\/wp\/v2\/posts\/3147\/revisions\/3148"}],"wp:attachment":[{"href":"https:\/\/prva.hr\/index.php\/wp-json\/wp\/v2\/media?parent=3147"}],"wp:term":[{"taxonomy":"category","embeddable":true,"href":"https:\/\/prva.hr\/index.php\/wp-json\/wp\/v2\/categories?post=3147"},{"taxonomy":"post_tag","embeddable":true,"href":"https:\/\/prva.hr\/index.php\/wp-json\/wp\/v2\/tags?post=3147"}],"curies":[{"name":"wp","href":"https:\/\/api.w.org\/{rel}","templated":true}]}}