{"id":3337,"date":"2018-04-13T14:57:20","date_gmt":"2018-04-13T12:57:20","guid":{"rendered":"http:\/\/www.prva.hr\/?p=3337"},"modified":"2018-04-13T14:57:20","modified_gmt":"2018-04-13T12:57:20","slug":"dan-arhitektonskog-fakulteta","status":"publish","type":"post","link":"https:\/\/prva.hr\/index.php\/2018\/04\/13\/dan-arhitektonskog-fakulteta\/","title":{"rendered":"Dan Arhitektonskog fakulteta"},"content":{"rendered":"<p>U <strong>utorak, 17. 4. 2018.<\/strong>\u00a0obilje\u017eava se <strong>Dan Arhitektonskog fakulteta<\/strong>, i tom prilikom dvoje studenata odr\u017eat \u0107e <strong>prezentaciju o Studiju arhitekture i urbanizma<\/strong> za zainteresirane maturante. Adresa je Ka\u010di\u0107eva 26, dvorana 81 u 18h<\/p>\n","protected":false},"excerpt":{"rendered":"<p>U utorak, 17. 4. 2018.\u00a0obilje\u017eava se Dan Arhitektonskog fakulteta, i tom prilikom dvoje studenata odr\u017eat \u0107e prezentaciju o Studiju arhitekture i urbanizma za zainteresirane maturante. Adresa je Ka\u010di\u0107eva 26, dvorana 81 u 18h<\/p>\n","protected":false},"author":2,"featured_media":0,"comment_status":"closed","ping_status":"closed","sticky":false,"template":"","format":"standard","meta":{"_et_pb_use_builder":"","_et_pb_old_content":"","_et_gb_content_width":"","footnotes":""},"categories":[14],"tags":[],"class_list":["post-3337","post","type-post","status-publish","format-standard","hentry","category-dogadanja-izvan-skole"],"_links":{"self":[{"href":"https:\/\/prva.hr\/index.php\/wp-json\/wp\/v2\/posts\/3337","targetHints":{"allow":["GET"]}}],"collection":[{"href":"https:\/\/prva.hr\/index.php\/wp-json\/wp\/v2\/posts"}],"about":[{"href":"https:\/\/prva.hr\/index.php\/wp-json\/wp\/v2\/types\/post"}],"author":[{"embeddable":true,"href":"https:\/\/prva.hr\/index.php\/wp-json\/wp\/v2\/users\/2"}],"replies":[{"embeddable":true,"href":"https:\/\/prva.hr\/index.php\/wp-json\/wp\/v2\/comments?post=3337"}],"version-history":[{"count":1,"href":"https:\/\/prva.hr\/index.php\/wp-json\/wp\/v2\/posts\/3337\/revisions"}],"predecessor-version":[{"id":3338,"href":"https:\/\/prva.hr\/index.php\/wp-json\/wp\/v2\/posts\/3337\/revisions\/3338"}],"wp:attachment":[{"href":"https:\/\/prva.hr\/index.php\/wp-json\/wp\/v2\/media?parent=3337"}],"wp:term":[{"taxonomy":"category","embeddable":true,"href":"https:\/\/prva.hr\/index.php\/wp-json\/wp\/v2\/categories?post=3337"},{"taxonomy":"post_tag","embeddable":true,"href":"https:\/\/prva.hr\/index.php\/wp-json\/wp\/v2\/tags?post=3337"}],"curies":[{"name":"wp","href":"https:\/\/api.w.org\/{rel}","templated":true}]}}