{"id":3380,"date":"2018-04-18T11:07:33","date_gmt":"2018-04-18T09:07:33","guid":{"rendered":"http:\/\/www.prva.hr\/?p=3380"},"modified":"2018-04-18T11:07:33","modified_gmt":"2018-04-18T09:07:33","slug":"noc-knjige-2018","status":"publish","type":"post","link":"https:\/\/prva.hr\/index.php\/2018\/04\/18\/noc-knjige-2018\/","title":{"rendered":"No\u0107 knjige 2018"},"content":{"rendered":"<div>&#8220;U ponedjeljak,\u00a0<u>23. travnja 2018.<\/u>\u00a0u cijeloj Hrvatskoj tradicionalno se obilje\u017eava\u00a0<b><span style=\"color: #ff0000;\">No\u0107 knjige<\/span><\/b>, manifestacija koja ve\u0107 sedmu godinu zaredom tematizira knjigu i popularizira \u010ditanje, a odr\u017eat \u0107e se u povodu<b>\u00a0Me\u0111unarodnoga dana knjige i autorskih prava<\/b>\u00a0i\u00a0<b>Dana hrvatske knjige<\/b>. Ovogodi\u0161nja tema je &#8216;<b>Budu\u0107nost knjige<\/b>&#8216;<b>\u00a0<\/b>&#8211; knji\u017eevna djela koja se bave kozmolo\u0161kim temama i temama leta u svemir. Nalik na astronauta budu\u0107nosti koji brzinom svjetlosti svladava kozmi\u010dka prostranstva, \u010ditatelj se danas pretvara i u vremenskoga putnika, a vrijeme provedeno uz knjigu postaje dimenzija koja na poseban na\u010din umnogostru\u010duje na\u0161 pogled na svijet. Poruka No\u0107i knjige je \u201e<b>Bez panike!<\/b>\u201c.<\/div>\n<div><\/div>\n<div>Tim povodom nakladni\u010dka ku\u0107a\u00a0<b>Znanje\u00a0<\/b>u suradnji s portalom za knjigu i kulturu \u010ditanja\u00a0<b>Moderna vremena<\/b>\u00a0i\u00a0<b>Prvom gimnazijom<\/b>\u00a0(Zagreb) organizira literarni natje\u010daj za u\u010denike srednjih \u0161kola pod nazivom &#8216;<b><span style=\"color: #ff0000;\">Ja sam pisac<\/span><\/b>&#8216; u svrhu promicanja ljubavi prema knjizi, \u010ditanju i knji\u017eevnome stvarala\u0161tvu me\u0111u mladim nara\u0161tajima. Dodjela nagrada odr\u017eava se u organizaciji\u00a0<b>prof. Antonije Sikavica Joler<\/b>\u00a0iz I. gimnazije.<\/div>\n<div><\/div>\n<div><u>Knji\u017eevno-glazbeni program<\/u>: gostovanje pjesnika\u00a0<b>Gorana Gatalice<\/b>\u00a0(zbirka pjesama\u00a0<i>Kozmolom<\/i>), Vokalne skupine \u201e<i>Hrvatske ru\u017eice<\/i>\u201c, \u017denska op\u0107a gimnazija sestara milosrdnica (mentorica prof. Kristina Repar) i Dramske dru\u017eine \u201e<i>Gordogan<\/i>\u201c, predstava\u00a0<b>Domagojada<\/b>, I. gimnazija (mentor prof. Ivan Janji\u0107) te dodjela nagrada literarnoga natje\u010daja &#8220;<b>Ja sam pisac<\/b>&#8220;..<\/div>\n<div><\/div>\n<div><u>Organizatori manifestacije<\/u>\u00a0su: Nakladni\u010dka ku\u0107a \u201eZnanje\u201c, Portal za knjigu i kulturu \u010ditanja \u201eModerna vremena\u201c, I. gimnazija, Knji\u017enica Novi Zagreb &#8211; Travno i Osnovna \u0161kola Mladost &#8211; Utrina.<\/div>\n<div><u>Mjesto odr\u017eavanja<\/u>:<b>\u00a0Knji\u017enica Novi Zagreb<\/b>\u00a0 \u2013 Travno, Bo\u017eidara Magovca 15 i\u00a0<b>Kulturni centar Travno<\/b>, Bo\u017eidara Magovca 17 (plato Mamutice).<\/div>\n<div><\/div>\n<div>Pozivamo sve u\u010denike na\u0161e \u0161kole da se u \u0161to ve\u0107emu broju uklju\u010de u akciju \u201e<a href=\"http:\/\/nocknjige.hr\/tekstx.php?id=26&amp;k=1\" target=\"_blank\" rel=\"noopener\" data-saferedirecturl=\"https:\/\/www.google.com\/url?hl=hr&amp;q=http:\/\/nocknjige.hr\/tekstx.php?id%3D26%26k%3D1&amp;source=gmail&amp;ust=1524116319991000&amp;usg=AFQjCNEhi6EDmR2RFHTzqRLYs4u-5WNEWA\"><b>Lansiraj knjigu<\/b><\/a><b>!<\/b>\u201c i poka\u017eu nam fotografijom koju bi knjigu ponijeli sa sobom u svemir!!! Mo\u017eete ju dijeliti na dru\u0161tvenim mre\u017eama uz postavku \u201e<b>public<\/b>\u201c i oznake<b><span style=\"color: #ff0000;\">#nocknjige<\/span><\/b>\u00a0i\u00a0<b><span style=\"color: #ff0000;\">#prvasvemirskaknjiznica<\/span><\/b>. Pomozite nam da napravimo malo \u0161u\u0161ura oko knjige u ovim danima koji su pred nama!&#8221;<\/div>\n<div><\/div>\n<div><a href=\"https:\/\/www.prva.hr\/wp-content\/uploads\/2018\/04\/No\u0107-knjige-2018_Program_NOVO.pdf\">No\u0107 knjige 2018_Program<\/a><\/div>\n","protected":false},"excerpt":{"rendered":"<p>&#8220;U ponedjeljak,\u00a023. travnja 2018.\u00a0u cijeloj Hrvatskoj tradicionalno se obilje\u017eava\u00a0No\u0107 knjige, manifestacija koja ve\u0107 sedmu godinu zaredom tematizira knjigu i popularizira \u010ditanje, a odr\u017eat \u0107e se u povodu\u00a0Me\u0111unarodnoga dana knjige i autorskih prava\u00a0i\u00a0Dana hrvatske knjige. Ovogodi\u0161nja tema je &#8216;Budu\u0107nost knjige&#8216;\u00a0&#8211; knji\u017eevna djela koja se bave kozmolo\u0161kim temama i temama leta u svemir. Nalik na astronauta budu\u0107nosti [&hellip;]<\/p>\n","protected":false},"author":4,"featured_media":0,"comment_status":"closed","ping_status":"closed","sticky":false,"template":"","format":"standard","meta":{"_et_pb_use_builder":"","_et_pb_old_content":"","_et_gb_content_width":"","footnotes":""},"categories":[6,14],"tags":[],"class_list":["post-3380","post","type-post","status-publish","format-standard","hentry","category-aktualna-dogadanja","category-dogadanja-izvan-skole"],"_links":{"self":[{"href":"https:\/\/prva.hr\/index.php\/wp-json\/wp\/v2\/posts\/3380","targetHints":{"allow":["GET"]}}],"collection":[{"href":"https:\/\/prva.hr\/index.php\/wp-json\/wp\/v2\/posts"}],"about":[{"href":"https:\/\/prva.hr\/index.php\/wp-json\/wp\/v2\/types\/post"}],"author":[{"embeddable":true,"href":"https:\/\/prva.hr\/index.php\/wp-json\/wp\/v2\/users\/4"}],"replies":[{"embeddable":true,"href":"https:\/\/prva.hr\/index.php\/wp-json\/wp\/v2\/comments?post=3380"}],"version-history":[{"count":1,"href":"https:\/\/prva.hr\/index.php\/wp-json\/wp\/v2\/posts\/3380\/revisions"}],"predecessor-version":[{"id":3382,"href":"https:\/\/prva.hr\/index.php\/wp-json\/wp\/v2\/posts\/3380\/revisions\/3382"}],"wp:attachment":[{"href":"https:\/\/prva.hr\/index.php\/wp-json\/wp\/v2\/media?parent=3380"}],"wp:term":[{"taxonomy":"category","embeddable":true,"href":"https:\/\/prva.hr\/index.php\/wp-json\/wp\/v2\/categories?post=3380"},{"taxonomy":"post_tag","embeddable":true,"href":"https:\/\/prva.hr\/index.php\/wp-json\/wp\/v2\/tags?post=3380"}],"curies":[{"name":"wp","href":"https:\/\/api.w.org\/{rel}","templated":true}]}}