{"id":3386,"date":"2018-04-19T09:30:41","date_gmt":"2018-04-19T07:30:41","guid":{"rendered":"http:\/\/www.prva.hr\/?p=3386"},"modified":"2018-04-19T09:30:41","modified_gmt":"2018-04-19T07:30:41","slug":"dan-otvorenih-vrata-hks","status":"publish","type":"post","link":"https:\/\/prva.hr\/index.php\/2018\/04\/19\/dan-otvorenih-vrata-hks\/","title":{"rendered":"Dan otvorenih vrata &#8211; HKS"},"content":{"rendered":"<p style=\"font-weight: 400;\">Hrvatsko katoli\u010dko sveu\u010dili\u0161te poziva Va\u0161e zavr\u0161ne razrede na susret povodom Dana otvorenih vrata.<\/p>\n<p style=\"font-weight: 400;\">Dan otvorenih vrata odr\u017eat \u0107e se u subotu 5. svibnja 2018. godine s po\u010detkom u 10 sati na Hrvatskom katoli\u010dkom sveu\u010dili\u0161tu, Ilica 242 u Zagrebu.<\/p>\n<p style=\"font-weight: 400;\">Primjeri edukativnih radionica su:<\/p>\n<ul style=\"font-weight: 400;\">\n<li>Sociologija mode<\/li>\n<li>Nogomet u laboratoriju &#8211; Eksperiment u Laboratoriju za psihologijska istra\u017eivanja<\/li>\n<li>Sudjelovanje na nastavi Odjela za sestrinstvo<\/li>\n<li>Predavanje \u201eStres i menad\u017ement stresa\u201c<\/li>\n<li>100 godi\u0161njica raspada Austro-Ugarske Monarhije \u2013 niz radionica i predavanja<\/li>\n<\/ul>\n<p style=\"font-weight: 400;\">Molimo da nam potvrdite svoj dolazak do 2. svibnja 2018.\u00a0 na mail:\u00a0<a href=\"mailto:event@unicath.hr\">event@unicath.hr<\/a><\/p>\n<p><a href=\"https:\/\/www.prva.hr\/wp-content\/uploads\/2018\/04\/Program_za-posjetitelje_DOV_5.5.2018-Postani-student.docx\">Program_za posjetitelje_DOV_5.5.2018 <\/a><\/p>\n<p><a href=\"https:\/\/www.prva.hr\/wp-content\/uploads\/2018\/04\/Program_za-posjetitelje_DOV_5.5.2018-Postani-student.docx\">Postani student<\/a><a href=\"https:\/\/www.prva.hr\/wp-content\/uploads\/2018\/04\/Plakat-A3-HKS.pdf\">Plakat A3 HKS<\/a><\/p>\n","protected":false},"excerpt":{"rendered":"<p>Hrvatsko katoli\u010dko sveu\u010dili\u0161te poziva Va\u0161e zavr\u0161ne razrede na susret povodom Dana otvorenih vrata. Dan otvorenih vrata odr\u017eat \u0107e se u subotu 5. svibnja 2018. godine s po\u010detkom u 10 sati na Hrvatskom katoli\u010dkom sveu\u010dili\u0161tu, Ilica 242 u Zagrebu. Primjeri edukativnih radionica su: Sociologija mode Nogomet u laboratoriju &#8211; Eksperiment u Laboratoriju za psihologijska istra\u017eivanja Sudjelovanje [&hellip;]<\/p>\n","protected":false},"author":4,"featured_media":0,"comment_status":"closed","ping_status":"closed","sticky":false,"template":"","format":"standard","meta":{"_et_pb_use_builder":"","_et_pb_old_content":"","_et_gb_content_width":"","footnotes":""},"categories":[14],"tags":[],"class_list":["post-3386","post","type-post","status-publish","format-standard","hentry","category-dogadanja-izvan-skole"],"_links":{"self":[{"href":"https:\/\/prva.hr\/index.php\/wp-json\/wp\/v2\/posts\/3386","targetHints":{"allow":["GET"]}}],"collection":[{"href":"https:\/\/prva.hr\/index.php\/wp-json\/wp\/v2\/posts"}],"about":[{"href":"https:\/\/prva.hr\/index.php\/wp-json\/wp\/v2\/types\/post"}],"author":[{"embeddable":true,"href":"https:\/\/prva.hr\/index.php\/wp-json\/wp\/v2\/users\/4"}],"replies":[{"embeddable":true,"href":"https:\/\/prva.hr\/index.php\/wp-json\/wp\/v2\/comments?post=3386"}],"version-history":[{"count":1,"href":"https:\/\/prva.hr\/index.php\/wp-json\/wp\/v2\/posts\/3386\/revisions"}],"predecessor-version":[{"id":3389,"href":"https:\/\/prva.hr\/index.php\/wp-json\/wp\/v2\/posts\/3386\/revisions\/3389"}],"wp:attachment":[{"href":"https:\/\/prva.hr\/index.php\/wp-json\/wp\/v2\/media?parent=3386"}],"wp:term":[{"taxonomy":"category","embeddable":true,"href":"https:\/\/prva.hr\/index.php\/wp-json\/wp\/v2\/categories?post=3386"},{"taxonomy":"post_tag","embeddable":true,"href":"https:\/\/prva.hr\/index.php\/wp-json\/wp\/v2\/tags?post=3386"}],"curies":[{"name":"wp","href":"https:\/\/api.w.org\/{rel}","templated":true}]}}