{"id":3392,"date":"2018-04-19T11:33:22","date_gmt":"2018-04-19T09:33:22","guid":{"rendered":"http:\/\/www.prva.hr\/?p=3392"},"modified":"2018-04-19T11:33:22","modified_gmt":"2018-04-19T09:33:22","slug":"festival-sporta-osoba-s-invaliditetom","status":"publish","type":"post","link":"https:\/\/prva.hr\/index.php\/2018\/04\/19\/festival-sporta-osoba-s-invaliditetom\/","title":{"rendered":"Festival sporta osoba s invaliditetom"},"content":{"rendered":"<p>Zagreba\u010dki \u0161portski savez osoba s invaliditetom provodi Erasmus+projekt Change Your Mindset-Sport4Everyone.<\/p>\n<p>Zada\u0107a navedenog projekta je promocija i podizanje razine svijesti o va\u017enosti sporta i tjelesne aktivnosti te integracija mladih osoba s invaliditetom u sportsko rekreativne aktivosti.<\/p>\n<p>Festiva sporta osoba s invaliditetom odr\u017eat \u0107e se 18. svibnja 2018. s po\u010detkom u 10.00 sati na Atletskom stadionu Mladost na Savi.<\/p>\n<p>&nbsp;<\/p>\n","protected":false},"excerpt":{"rendered":"<p>Zagreba\u010dki \u0161portski savez osoba s invaliditetom provodi Erasmus+projekt Change Your Mindset-Sport4Everyone. Zada\u0107a navedenog projekta je promocija i podizanje razine svijesti o va\u017enosti sporta i tjelesne aktivnosti te integracija mladih osoba s invaliditetom u sportsko rekreativne aktivosti. Festiva sporta osoba s invaliditetom odr\u017eat \u0107e se 18. svibnja 2018. s po\u010detkom u 10.00 sati na Atletskom stadionu [&hellip;]<\/p>\n","protected":false},"author":4,"featured_media":0,"comment_status":"closed","ping_status":"closed","sticky":false,"template":"","format":"standard","meta":{"_et_pb_use_builder":"","_et_pb_old_content":"","_et_gb_content_width":"","footnotes":""},"categories":[14],"tags":[],"class_list":["post-3392","post","type-post","status-publish","format-standard","hentry","category-dogadanja-izvan-skole"],"_links":{"self":[{"href":"https:\/\/prva.hr\/index.php\/wp-json\/wp\/v2\/posts\/3392","targetHints":{"allow":["GET"]}}],"collection":[{"href":"https:\/\/prva.hr\/index.php\/wp-json\/wp\/v2\/posts"}],"about":[{"href":"https:\/\/prva.hr\/index.php\/wp-json\/wp\/v2\/types\/post"}],"author":[{"embeddable":true,"href":"https:\/\/prva.hr\/index.php\/wp-json\/wp\/v2\/users\/4"}],"replies":[{"embeddable":true,"href":"https:\/\/prva.hr\/index.php\/wp-json\/wp\/v2\/comments?post=3392"}],"version-history":[{"count":1,"href":"https:\/\/prva.hr\/index.php\/wp-json\/wp\/v2\/posts\/3392\/revisions"}],"predecessor-version":[{"id":3393,"href":"https:\/\/prva.hr\/index.php\/wp-json\/wp\/v2\/posts\/3392\/revisions\/3393"}],"wp:attachment":[{"href":"https:\/\/prva.hr\/index.php\/wp-json\/wp\/v2\/media?parent=3392"}],"wp:term":[{"taxonomy":"category","embeddable":true,"href":"https:\/\/prva.hr\/index.php\/wp-json\/wp\/v2\/categories?post=3392"},{"taxonomy":"post_tag","embeddable":true,"href":"https:\/\/prva.hr\/index.php\/wp-json\/wp\/v2\/tags?post=3392"}],"curies":[{"name":"wp","href":"https:\/\/api.w.org\/{rel}","templated":true}]}}