{"id":3397,"date":"2018-04-20T14:09:45","date_gmt":"2018-04-20T12:09:45","guid":{"rendered":"http:\/\/www.prva.hr\/?p=3397"},"modified":"2018-04-20T14:09:45","modified_gmt":"2018-04-20T12:09:45","slug":"dani-energetike-na-fer-u-7-svibnja-2018-godine","status":"publish","type":"post","link":"https:\/\/prva.hr\/index.php\/2018\/04\/20\/dani-energetike-na-fer-u-7-svibnja-2018-godine\/","title":{"rendered":"Dani energetike na FER-u, 7. svibnja 2018. godine"},"content":{"rendered":"<p>Na Fakultetu elektrotehnike i ra\u010dunarstva odr\u017eat \u0107e se Dani energetike u okviru 9. Zagreba\u010dkog energetskog tjedna. Tom prigodom, 7. svibnja 2018. godine, od 10 do 16 sati FER otvara svoja vrata svima koje zanima energetika.<\/p>\n<p>Gosti \u0107e mo\u0107i rukovati &#8216;svjetlosnim ma\u010devima&#8217; u Laboratoriju za visoki napon, prisustvovati pogonu male hidroelektrane u Laboratoriju za napredne mre\u017ee, posjetiti zra\u010dni tunel na 13. katu nebodera FER u Laboratoriju za obnovljive izvore, provozati se u malom elektri\u010dnom vozilu te se upoznati sa znanstveno istra\u017eiva\u010dkim projektima iz podru\u010dja energetike na FER-u.<\/p>\n","protected":false},"excerpt":{"rendered":"<p>Na Fakultetu elektrotehnike i ra\u010dunarstva odr\u017eat \u0107e se Dani energetike u okviru 9. Zagreba\u010dkog energetskog tjedna. Tom prigodom, 7. svibnja 2018. godine, od 10 do 16 sati FER otvara svoja vrata svima koje zanima energetika. Gosti \u0107e mo\u0107i rukovati &#8216;svjetlosnim ma\u010devima&#8217; u Laboratoriju za visoki napon, prisustvovati pogonu male hidroelektrane u Laboratoriju za napredne mre\u017ee, [&hellip;]<\/p>\n","protected":false},"author":4,"featured_media":0,"comment_status":"closed","ping_status":"closed","sticky":false,"template":"","format":"standard","meta":{"_et_pb_use_builder":"","_et_pb_old_content":"","_et_gb_content_width":"","footnotes":""},"categories":[14],"tags":[],"class_list":["post-3397","post","type-post","status-publish","format-standard","hentry","category-dogadanja-izvan-skole"],"_links":{"self":[{"href":"https:\/\/prva.hr\/index.php\/wp-json\/wp\/v2\/posts\/3397","targetHints":{"allow":["GET"]}}],"collection":[{"href":"https:\/\/prva.hr\/index.php\/wp-json\/wp\/v2\/posts"}],"about":[{"href":"https:\/\/prva.hr\/index.php\/wp-json\/wp\/v2\/types\/post"}],"author":[{"embeddable":true,"href":"https:\/\/prva.hr\/index.php\/wp-json\/wp\/v2\/users\/4"}],"replies":[{"embeddable":true,"href":"https:\/\/prva.hr\/index.php\/wp-json\/wp\/v2\/comments?post=3397"}],"version-history":[{"count":1,"href":"https:\/\/prva.hr\/index.php\/wp-json\/wp\/v2\/posts\/3397\/revisions"}],"predecessor-version":[{"id":3403,"href":"https:\/\/prva.hr\/index.php\/wp-json\/wp\/v2\/posts\/3397\/revisions\/3403"}],"wp:attachment":[{"href":"https:\/\/prva.hr\/index.php\/wp-json\/wp\/v2\/media?parent=3397"}],"wp:term":[{"taxonomy":"category","embeddable":true,"href":"https:\/\/prva.hr\/index.php\/wp-json\/wp\/v2\/categories?post=3397"},{"taxonomy":"post_tag","embeddable":true,"href":"https:\/\/prva.hr\/index.php\/wp-json\/wp\/v2\/tags?post=3397"}],"curies":[{"name":"wp","href":"https:\/\/api.w.org\/{rel}","templated":true}]}}