{"id":3411,"date":"2018-04-24T08:24:01","date_gmt":"2018-04-24T06:24:01","guid":{"rendered":"http:\/\/www.prva.hr\/?p=3411"},"modified":"2018-04-24T08:24:01","modified_gmt":"2018-04-24T06:24:01","slug":"dan-otvorenih-vrata-medicinskog-fakulteta-u-splitu","status":"publish","type":"post","link":"https:\/\/prva.hr\/index.php\/2018\/04\/24\/dan-otvorenih-vrata-medicinskog-fakulteta-u-splitu\/","title":{"rendered":"Dan otvorenih vrata Medicinskog fakulteta u Splitu"},"content":{"rendered":"<p>U petak 4. svibnja u 17 sati u Amfiteatru Medicinskog fakulteta u Splitu (\u0160oltanska 2) zapo\u010dinje organizirani program u sklopu Dana otvorenih vrata Medicinskog fakulteta u Splitu. Za sve u\u010denice i u\u010denike, kao i za sve zainteresirane, organiziran je kvalitetan program gdje \u0107e studenti Medicinskog fakulteta u Splitu kroz cijeli fakultet provesti zainteresirane s ciljem boljeg upoznavanja fakulteta u pogledu studijskih programa (medicina, dentalna medicina, farmacija i Medical Studies in English), studentskih udruga te brojnih znanstvenih, sportskih i ostalih nastavnih i izvannastavnih aktivnosti koje fakultet nudi.<\/p>\n<p><a href=\"https:\/\/www.prva.hr\/wp-content\/uploads\/2018\/04\/MEFST-POSTER-2018.pdf\">MEFST-POSTER-2018<\/a><\/p>\n","protected":false},"excerpt":{"rendered":"<p>U petak 4. svibnja u 17 sati u Amfiteatru Medicinskog fakulteta u Splitu (\u0160oltanska 2) zapo\u010dinje organizirani program u sklopu Dana otvorenih vrata Medicinskog fakulteta u Splitu. Za sve u\u010denice i u\u010denike, kao i za sve zainteresirane, organiziran je kvalitetan program gdje \u0107e studenti Medicinskog fakulteta u Splitu kroz cijeli fakultet provesti zainteresirane s ciljem [&hellip;]<\/p>\n","protected":false},"author":4,"featured_media":0,"comment_status":"closed","ping_status":"closed","sticky":false,"template":"","format":"standard","meta":{"_et_pb_use_builder":"","_et_pb_old_content":"","_et_gb_content_width":"","footnotes":""},"categories":[14],"tags":[],"class_list":["post-3411","post","type-post","status-publish","format-standard","hentry","category-dogadanja-izvan-skole"],"_links":{"self":[{"href":"https:\/\/prva.hr\/index.php\/wp-json\/wp\/v2\/posts\/3411","targetHints":{"allow":["GET"]}}],"collection":[{"href":"https:\/\/prva.hr\/index.php\/wp-json\/wp\/v2\/posts"}],"about":[{"href":"https:\/\/prva.hr\/index.php\/wp-json\/wp\/v2\/types\/post"}],"author":[{"embeddable":true,"href":"https:\/\/prva.hr\/index.php\/wp-json\/wp\/v2\/users\/4"}],"replies":[{"embeddable":true,"href":"https:\/\/prva.hr\/index.php\/wp-json\/wp\/v2\/comments?post=3411"}],"version-history":[{"count":1,"href":"https:\/\/prva.hr\/index.php\/wp-json\/wp\/v2\/posts\/3411\/revisions"}],"predecessor-version":[{"id":3413,"href":"https:\/\/prva.hr\/index.php\/wp-json\/wp\/v2\/posts\/3411\/revisions\/3413"}],"wp:attachment":[{"href":"https:\/\/prva.hr\/index.php\/wp-json\/wp\/v2\/media?parent=3411"}],"wp:term":[{"taxonomy":"category","embeddable":true,"href":"https:\/\/prva.hr\/index.php\/wp-json\/wp\/v2\/categories?post=3411"},{"taxonomy":"post_tag","embeddable":true,"href":"https:\/\/prva.hr\/index.php\/wp-json\/wp\/v2\/tags?post=3411"}],"curies":[{"name":"wp","href":"https:\/\/api.w.org\/{rel}","templated":true}]}}